{"id":245625,"date":"2022-03-22T00:19:17","date_gmt":"2022-03-21T23:19:17","guid":{"rendered":"https:\/\/zjarr.tv\/?p=245625"},"modified":"2022-03-22T00:19:17","modified_gmt":"2022-03-21T23:19:17","slug":"kryemadhi-reagon-pas-doreheqjes-se-bashes-shpresoj-te-jete-e-vertete-i-duhej-posti-politik-qe-te-mbrohej-nga-shantazhet","status":"publish","type":"post","link":"https:\/\/zjarr.tv\/en\/kryemadhi-reagon-pas-doreheqjes-se-bashes-shpresoj-te-jete-e-vertete-i-duhej-posti-politik-qe-te-mbrohej-nga-shantazhet\/","title":{"rendered":"Kryemadhi reagon pas dor\u00ebheqjes s\u00eb Bash\u00ebs: Shpresoj t\u00eb jet\u00eb e v\u00ebrtet\u00eb! I duhej posti politik q\u00eb t\u00eb mbrohej nga shantazhet"},"content":{"rendered":"<p>Kryetarja e L\u00ebvizjes Socialiste p\u00ebr Integrim, Monika Kryemadhi, ka reaguar p\u00ebr dor\u00ebheqjen e Lulzim Bash\u00ebs, nga posti i kryetarit t\u00eb Partis\u00eb Demokratike. <\/p>\n<p>Kryemadhi tha se pas ultimatumit t\u00eb vendosur nga Grupi Parlamentar i PD-s\u00eb ky vendim i Bash\u00ebs ishte i pritsh\u00ebm, duke shtuar se \u201cshpreson q\u00eb kjo dor\u00ebheqje t\u00eb jet\u00eb e v\u00ebrtet\u00eb\u201d. <\/p>\n<p>\u201cShpresoj q\u00eb Basha ta ket\u00eb t\u00eb v\u00ebrtet\u00eb dor\u00ebheqjen dhe t\u00eb mos ket\u00eb shkojm\u00eb pastaj n\u00eb gj\u00ebra t\u00eb tjera q\u00eb e b\u00ebjn\u00eb pis t\u00eb gjith\u00eb at\u00eb q\u00eb ka ndodhur?\u201d, tha Kryemadhi. <\/p>\n<p>Pjes\u00eb nga fjala e Kryemadhit: <\/p>\n<p>Ajo duhet par\u00eb n\u00eb dy k\u00ebnv\u00ebshtrime. \u00c7do zvaritje e Bash\u00ebs n\u00eb krye t\u00eb PD nuk e unifikonte PD dhe e vetmja zgjidhje ishte t\u00eb largohej me nj\u00eb bonsesus politik ishte dor\u00ebheqja direkt pas 6 marsit. Mir\u00ebpo, kjo \u00ebsht\u00eb n\u00ebj \u00e7\u00ebshtje q\u00eb i p\u00ebrket partis\u00eb brenda. <\/p>\n<p>Nuk \u00ebsht\u00eb ndonj\u00eb risi n\u00eb jet\u00ebn politike. E normal q\u00eb e prisja pasi t\u00eb enjten deputet\u00ebt e Bash\u00ebs e kan\u00eb bojkotuar dy her\u00eb parlamentin kur fliste. T\u00eb enjten ishte ultimatumi i tuyre q\u00eb n\u00ebse ai do t\u00eb fliste ata do t\u00eb largoheshin nga Parlamenti. <\/p>\n<p>Ngrirje, ringrije dhe shkrirje do ket\u00eb me t\u00eb. <\/p>\n<p>Ajo q\u00eb b\u00ebn p\u00ebrshtypje \u00ebsht\u00eb n\u00ebse e gjith\u00eb kjo devotshm\u00ebri q\u00eb ka p\u00ebr godin\u00ebn dhe vul\u00ebn ta kishte \u00a0p\u00ebr \u00a0luft\u00ebn p\u00ebr Ram\u00ebn opozita sot do t\u00eb ishte n\u00eb pushtet. Interesa t\u00eb tjera ekonomike financiare, ose shantazhime q\u00eb mund ti viijn\u00eb n\u00eb m\u00ebnyr\u00eb t\u00eb nj\u00ebpasnj\u00ebshme jan\u00eb ato q\u00eb e b\u00ebjn\u00eb Bash\u00ebn ti duhet nj\u00eb post politik q\u00eb mos krijoj\u00eb ose t\u00eb ec\u00eb n\u00eb procedurat q\u00eb ka p\u00ebr c\u00ebshtjen belge ose me \u00e7\u00ebshtjen \u201cMuzin\u201d n\u00eb SHBA.<\/p>","protected":false},"excerpt":{"rendered":"<p>Kryetarja e L\u00ebvizjes Socialiste p\u00ebr Integrim, Monika Kryemadhi, ka reaguar p\u00ebr dor\u00ebheqjen e Lulzim Bash\u00ebs, nga posti i kryetarit t\u00eb Partis\u00eb Demokratike. Kryemadhi tha se pas ultimatumit t\u00eb vendosur nga Grupi Parlamentar i PD-s\u00eb ky vendim i Bash\u00ebs ishte i pritsh\u00ebm, duke shtuar se \u201cshpreson q\u00eb kjo dor\u00ebheqje t\u00eb jet\u00eb e v\u00ebrtet\u00eb\u201d. \u201cShpresoj q\u00eb Basha [&hellip;]<\/p>\n","protected":false},"author":2031,"featured_media":167805,"comment_status":"closed","ping_status":"closed","sticky":false,"template":"","format":"standard","meta":{"footnotes":""},"categories":[231],"tags":[],"class_list":{"0":"post-245625","1":"post","2":"type-post","3":"status-publish","4":"format-standard","5":"has-post-thumbnail","7":"category-lajme"},"_links":{"self":[{"href":"https:\/\/zjarr.tv\/en\/wp-json\/wp\/v2\/posts\/245625","targetHints":{"allow":["GET"]}}],"collection":[{"href":"https:\/\/zjarr.tv\/en\/wp-json\/wp\/v2\/posts"}],"about":[{"href":"https:\/\/zjarr.tv\/en\/wp-json\/wp\/v2\/types\/post"}],"author":[{"embeddable":true,"href":"https:\/\/zjarr.tv\/en\/wp-json\/wp\/v2\/users\/2031"}],"replies":[{"embeddable":true,"href":"https:\/\/zjarr.tv\/en\/wp-json\/wp\/v2\/comments?post=245625"}],"version-history":[{"count":0,"href":"https:\/\/zjarr.tv\/en\/wp-json\/wp\/v2\/posts\/245625\/revisions"}],"wp:featuredmedia":[{"embeddable":true,"href":"https:\/\/zjarr.tv\/en\/wp-json\/wp\/v2\/media\/167805"}],"wp:attachment":[{"href":"https:\/\/zjarr.tv\/en\/wp-json\/wp\/v2\/media?parent=245625"}],"wp:term":[{"taxonomy":"category","embeddable":true,"href":"https:\/\/zjarr.tv\/en\/wp-json\/wp\/v2\/categories?post=245625"},{"taxonomy":"post_tag","embeddable":true,"href":"https:\/\/zjarr.tv\/en\/wp-json\/wp\/v2\/tags?post=245625"}],"curies":[{"name":"wp","href":"https:\/\/api.w.org\/{rel}","templated":true}]}}