{"id":245630,"date":"2022-03-22T00:26:46","date_gmt":"2022-03-21T23:26:46","guid":{"rendered":"https:\/\/zjarr.tv\/?p=245630"},"modified":"2022-03-22T00:26:46","modified_gmt":"2022-03-21T23:26:46","slug":"flamur-noka-nuk-njeh-kryetarin-e-perkohshem-te-pd-se-zbulon-postin-qe-i-kerkoi-basha-berishes-permes-elmar-brok","status":"publish","type":"post","link":"https:\/\/zjarr.tv\/en\/flamur-noka-nuk-njeh-kryetarin-e-perkohshem-te-pd-se-zbulon-postin-qe-i-kerkoi-basha-berishes-permes-elmar-brok\/","title":{"rendered":"Flamur Noka NUK NJEH kryetarin e p\u00ebrkohsh\u00ebm t\u00eb PD-s\u00eb, \u201cZBULON\u201d postin q\u00eb i k\u00ebrkoi BASHA-BERISH\u00cbS p\u00ebrmes Elmar Brok"},"content":{"rendered":"<p>Deputeti demokrat Flamur Noka nuk e njeh kryetarin e p\u00ebrkohsh\u00ebm t\u00eb PD-s\u00eb, Enkelejd Alibeajn, pas dor\u00ebheqjes s\u00eb Lulzim Bash\u00ebs, duke th\u00ebn\u00eb se PD-ja p\u00ebrfaq\u00ebsohet vet\u00ebm nga Komisioni i Rithemelimit. <\/p>\n<p>Noka tha se vendimi i Gazment Bardhit p\u00ebr kryetarin e ri dhe deklarata e Alibeajt me kat\u00ebr pika drejtuar mb\u00ebshtet\u00ebsve t\u00eb Berish\u00ebs, jan\u00eb t\u00eb pavlefshme.<\/p>\n<p>N\u00eb emisionin \u201c5 Pyetje\u201d, Noka i tha gazetarit Babaramo se Basha d\u00ebrgoi te Berisha ish-eurodeputetin Elmar Brok, p\u00ebrmes t\u00eb cilit i k\u00ebrkoi t\u00eb ishte kreu i Komisionit t\u00eb Integrimit n\u00eb Parlament. <\/p>\n<p>\u201cLulzim Brava d\u00ebrgoi nj\u00eb negociator te Sali Berisha, q\u00eb quhet Elmar Brok. Negociatori k\u00ebrkonte q\u00eb Lulzim Basha t\u00eb pranoj\u00eb t\u00eb zbatoj\u00eb vendimin e 11 dhjetorit me kushtin q\u00eb Lulzim Basha t\u00eb jet\u00eb bashk\u00ebkryetar i komisionit t\u00eb integrimit me Ball\u00ebn\u201d, tha Noka. <\/p>","protected":false},"excerpt":{"rendered":"<p>Deputeti demokrat Flamur Noka nuk e njeh kryetarin e p\u00ebrkohsh\u00ebm t\u00eb PD-s\u00eb, Enkelejd Alibeajn, pas dor\u00ebheqjes s\u00eb Lulzim Bash\u00ebs, duke th\u00ebn\u00eb se PD-ja p\u00ebrfaq\u00ebsohet vet\u00ebm nga Komisioni i Rithemelimit. Noka tha se vendimi i Gazment Bardhit p\u00ebr kryetarin e ri dhe deklarata e Alibeajt me kat\u00ebr pika drejtuar mb\u00ebshtet\u00ebsve t\u00eb Berish\u00ebs, jan\u00eb t\u00eb pavlefshme. N\u00eb [&hellip;]<\/p>\n","protected":false},"author":2031,"featured_media":209316,"comment_status":"closed","ping_status":"closed","sticky":false,"template":"","format":"standard","meta":{"footnotes":""},"categories":[231],"tags":[],"class_list":{"0":"post-245630","1":"post","2":"type-post","3":"status-publish","4":"format-standard","5":"has-post-thumbnail","7":"category-lajme"},"_links":{"self":[{"href":"https:\/\/zjarr.tv\/en\/wp-json\/wp\/v2\/posts\/245630","targetHints":{"allow":["GET"]}}],"collection":[{"href":"https:\/\/zjarr.tv\/en\/wp-json\/wp\/v2\/posts"}],"about":[{"href":"https:\/\/zjarr.tv\/en\/wp-json\/wp\/v2\/types\/post"}],"author":[{"embeddable":true,"href":"https:\/\/zjarr.tv\/en\/wp-json\/wp\/v2\/users\/2031"}],"replies":[{"embeddable":true,"href":"https:\/\/zjarr.tv\/en\/wp-json\/wp\/v2\/comments?post=245630"}],"version-history":[{"count":0,"href":"https:\/\/zjarr.tv\/en\/wp-json\/wp\/v2\/posts\/245630\/revisions"}],"wp:featuredmedia":[{"embeddable":true,"href":"https:\/\/zjarr.tv\/en\/wp-json\/wp\/v2\/media\/209316"}],"wp:attachment":[{"href":"https:\/\/zjarr.tv\/en\/wp-json\/wp\/v2\/media?parent=245630"}],"wp:term":[{"taxonomy":"category","embeddable":true,"href":"https:\/\/zjarr.tv\/en\/wp-json\/wp\/v2\/categories?post=245630"},{"taxonomy":"post_tag","embeddable":true,"href":"https:\/\/zjarr.tv\/en\/wp-json\/wp\/v2\/tags?post=245630"}],"curies":[{"name":"wp","href":"https:\/\/api.w.org\/{rel}","templated":true}]}}