{"id":245632,"date":"2022-03-22T00:33:02","date_gmt":"2022-03-21T23:33:02","guid":{"rendered":"https:\/\/zjarr.tv\/?p=245632"},"modified":"2022-03-22T00:33:02","modified_gmt":"2022-03-21T23:33:02","slug":"paloka-kunder-emerimit-te-alibeajt-po-mban-te-njejtat-qendrime-si-basha-nuk-mund-te-behet-fjale-per-bashkim-kur-ben-gjera-te-tilla","status":"publish","type":"post","link":"https:\/\/zjarr.tv\/en\/paloka-kunder-emerimit-te-alibeajt-po-mban-te-njejtat-qendrime-si-basha-nuk-mund-te-behet-fjale-per-bashkim-kur-ben-gjera-te-tilla\/","title":{"rendered":"Paloka kund\u00ebr em\u00ebrimit t\u00eb Alibeajt: Po mban t\u00eb nj\u00ebjtat q\u00ebndrime si Basha! Nuk mund t\u00eb b\u00ebhet fjal\u00eb p\u00ebr bashkim kur b\u00ebn gj\u00ebra t\u00eb tilla"},"content":{"rendered":"<p>Lulzim Basha deklaroi sot dor\u00ebheqjen si kryetar i Partis\u00eb Demokratike, teksa drejtimin e PD-s\u00eb e mori p\u00ebrkoh\u00ebsisht n\u00ebnkryetari Enkelejd Alibeaj. <\/p>\n<p>Ish-kryetari i K\u00ebshillit Komb\u00ebtar t\u00eb PD-s\u00eb, Edi Paloka, ka dal\u00eb kund\u00ebr em\u00ebrimit t\u00eb Alibeajt, pasi thot\u00eb se n\u00ebnkryetari i PD-s\u00eb po mban t\u00eb nj\u00ebjtat q\u00ebndrime si Basha. Ai shprehet se edhe deputet\u00ebt q\u00eb kan\u00eb qen\u00eb brenda selis\u00eb s\u00eb PD nuk kan\u00eb qen\u00eb dakord me deklarat\u00ebn e Alibeajt, i cili foli n\u00eb em\u00ebr t\u00eb grupit parlamentar t\u00eb PD.<\/p>\n<p>\u201cE gjitha nj\u00eb gj\u00eb qesharake, vazhd\u00eb e asaj q\u00eb po b\u00ebnte Basha deri tani. S\u2019\u00ebsht\u00eb m\u00eb fytyra e Bash\u00ebs por dol\u00ebn me t\u00eb Alibeajt p\u00ebr t\u00eb mbajtur t\u00eb nj\u00ebjtin q\u00ebndrim. Vet\u00ebm p\u00ebr bashkim nuk mund t\u00eb b\u00ebhet fjal\u00eb kur mban q\u00ebndrime t\u00eb tilla. Alibeaj \u00ebsht\u00eb i shkarkuar nj\u00ebsoj si Basha, s\u2019ka asnj\u00eb tag\u00ebr. E b\u00ebn qesharake, uroj mos t\u00eb jet\u00eb vazhd\u00eb e misionit p\u00ebr\u00e7ar\u00ebs\u201d, tha Paloka n\u00eb Syri Tv.<\/p>","protected":false},"excerpt":{"rendered":"<p>Lulzim Basha deklaroi sot dor\u00ebheqjen si kryetar i Partis\u00eb Demokratike, teksa drejtimin e PD-s\u00eb e mori p\u00ebrkoh\u00ebsisht n\u00ebnkryetari Enkelejd Alibeaj. Ish-kryetari i K\u00ebshillit Komb\u00ebtar t\u00eb PD-s\u00eb, Edi Paloka, ka dal\u00eb kund\u00ebr em\u00ebrimit t\u00eb Alibeajt, pasi thot\u00eb se n\u00ebnkryetari i PD-s\u00eb po mban t\u00eb nj\u00ebjtat q\u00ebndrime si Basha. Ai shprehet se edhe deputet\u00ebt q\u00eb kan\u00eb qen\u00eb [&hellip;]<\/p>\n","protected":false},"author":2031,"featured_media":146110,"comment_status":"closed","ping_status":"closed","sticky":false,"template":"","format":"standard","meta":{"footnotes":""},"categories":[231],"tags":[],"class_list":{"0":"post-245632","1":"post","2":"type-post","3":"status-publish","4":"format-standard","5":"has-post-thumbnail","7":"category-lajme"},"_links":{"self":[{"href":"https:\/\/zjarr.tv\/en\/wp-json\/wp\/v2\/posts\/245632","targetHints":{"allow":["GET"]}}],"collection":[{"href":"https:\/\/zjarr.tv\/en\/wp-json\/wp\/v2\/posts"}],"about":[{"href":"https:\/\/zjarr.tv\/en\/wp-json\/wp\/v2\/types\/post"}],"author":[{"embeddable":true,"href":"https:\/\/zjarr.tv\/en\/wp-json\/wp\/v2\/users\/2031"}],"replies":[{"embeddable":true,"href":"https:\/\/zjarr.tv\/en\/wp-json\/wp\/v2\/comments?post=245632"}],"version-history":[{"count":0,"href":"https:\/\/zjarr.tv\/en\/wp-json\/wp\/v2\/posts\/245632\/revisions"}],"wp:featuredmedia":[{"embeddable":true,"href":"https:\/\/zjarr.tv\/en\/wp-json\/wp\/v2\/media\/146110"}],"wp:attachment":[{"href":"https:\/\/zjarr.tv\/en\/wp-json\/wp\/v2\/media?parent=245632"}],"wp:term":[{"taxonomy":"category","embeddable":true,"href":"https:\/\/zjarr.tv\/en\/wp-json\/wp\/v2\/categories?post=245632"},{"taxonomy":"post_tag","embeddable":true,"href":"https:\/\/zjarr.tv\/en\/wp-json\/wp\/v2\/tags?post=245632"}],"curies":[{"name":"wp","href":"https:\/\/api.w.org\/{rel}","templated":true}]}}