{"id":245634,"date":"2022-03-22T00:35:25","date_gmt":"2022-03-21T23:35:25","guid":{"rendered":"https:\/\/zjarr.tv\/?p=245634"},"modified":"2022-03-22T00:35:25","modified_gmt":"2022-03-21T23:35:25","slug":"rikandidon-basha-dhe-berisha-salianji-paralajmeron-largimin-une-personalisht-se-ndjek-dot-ate-pune","status":"publish","type":"post","link":"https:\/\/zjarr.tv\/en\/rikandidon-basha-dhe-berisha-salianji-paralajmeron-largimin-une-personalisht-se-ndjek-dot-ate-pune\/","title":{"rendered":"Rikandidon Basha dhe Berisha? Salianji paralajm\u00ebron largimin: Un\u00eb personalisht s\u2019e ndjek dot at\u00eb pun\u00eb"},"content":{"rendered":"<p>Deputeti demokrat Ervin Salianji paralajm\u00ebron largimin nga Partia Demokratike, n\u00ebse p\u00ebr kryetar do t\u00eb rikandidoj\u00eb Lulzim Basha dhe Sali Berisha. <\/p>\n<p>Salianji tha se n\u00ebse nj\u00eb gj\u00eb e till\u00eb do t\u00eb ndodh\u00eb, ku dy pjes\u00ebt e ndara t\u00eb PD-s\u00eb do t\u00eb vijojn\u00eb t\u00eb q\u00ebndrojn\u00eb n\u00eb llogoret e tyre, kjo forc\u00eb politike do t\u00eb shkat\u00ebrrohet. <\/p>\n<p>\u201cSi rikandidon? Po jep dor\u00ebheqjen, jep dor\u00ebheqjen, n\u00ebse rikandidon, t\u00eb vazhdojn\u00eb t\u00eb dy k\u00ebt\u00eb betej\u00eb, un\u00eb personalisht nuk e ndjek dot k\u00ebt\u00eb pun\u00eb. T\u00eb vazhdojn\u00eb dhe ta shkat\u00ebrrojn\u00eb, k\u00ebtu do jemi. N\u00ebse q\u00ebndrohet n\u00eb llogore me t\u00eb dy pal\u00ebt, k\u00ebtu do t\u00eb jemi. Shpresoj t\u00eb p\u00ebrg\u00ebnjeshtrohem, do t\u00eb vijn\u00eb zgjedhjet lokale dhe\u2026N\u00ebse b\u00ebhen truke, mos presim t\u00eb \u00e7ojm\u00eb dhe nj\u00ebher\u00eb njer\u00ebzit n\u00eb p\u00ebrplasje\u201d, u shpreh Salianji n\u00eb emisionin \u201cOpinion\u201d.<\/p>","protected":false},"excerpt":{"rendered":"<p>Deputeti demokrat Ervin Salianji paralajm\u00ebron largimin nga Partia Demokratike, n\u00ebse p\u00ebr kryetar do t\u00eb rikandidoj\u00eb Lulzim Basha dhe Sali Berisha. Salianji tha se n\u00ebse nj\u00eb gj\u00eb e till\u00eb do t\u00eb ndodh\u00eb, ku dy pjes\u00ebt e ndara t\u00eb PD-s\u00eb do t\u00eb vijojn\u00eb t\u00eb q\u00ebndrojn\u00eb n\u00eb llogoret e tyre, kjo forc\u00eb politike do t\u00eb shkat\u00ebrrohet. \u201cSi rikandidon? [&hellip;]<\/p>\n","protected":false},"author":2031,"featured_media":139022,"comment_status":"closed","ping_status":"closed","sticky":false,"template":"","format":"standard","meta":{"footnotes":""},"categories":[231],"tags":[],"class_list":{"0":"post-245634","1":"post","2":"type-post","3":"status-publish","4":"format-standard","5":"has-post-thumbnail","7":"category-lajme"},"_links":{"self":[{"href":"https:\/\/zjarr.tv\/en\/wp-json\/wp\/v2\/posts\/245634","targetHints":{"allow":["GET"]}}],"collection":[{"href":"https:\/\/zjarr.tv\/en\/wp-json\/wp\/v2\/posts"}],"about":[{"href":"https:\/\/zjarr.tv\/en\/wp-json\/wp\/v2\/types\/post"}],"author":[{"embeddable":true,"href":"https:\/\/zjarr.tv\/en\/wp-json\/wp\/v2\/users\/2031"}],"replies":[{"embeddable":true,"href":"https:\/\/zjarr.tv\/en\/wp-json\/wp\/v2\/comments?post=245634"}],"version-history":[{"count":0,"href":"https:\/\/zjarr.tv\/en\/wp-json\/wp\/v2\/posts\/245634\/revisions"}],"wp:featuredmedia":[{"embeddable":true,"href":"https:\/\/zjarr.tv\/en\/wp-json\/wp\/v2\/media\/139022"}],"wp:attachment":[{"href":"https:\/\/zjarr.tv\/en\/wp-json\/wp\/v2\/media?parent=245634"}],"wp:term":[{"taxonomy":"category","embeddable":true,"href":"https:\/\/zjarr.tv\/en\/wp-json\/wp\/v2\/categories?post=245634"},{"taxonomy":"post_tag","embeddable":true,"href":"https:\/\/zjarr.tv\/en\/wp-json\/wp\/v2\/tags?post=245634"}],"curies":[{"name":"wp","href":"https:\/\/api.w.org\/{rel}","templated":true}]}}