{"id":246069,"date":"2022-03-23T15:24:38","date_gmt":"2022-03-23T14:24:38","guid":{"rendered":"https:\/\/zjarr.tv\/?p=246069"},"modified":"2022-03-23T15:24:38","modified_gmt":"2022-03-23T14:24:38","slug":"bordi-merr-vendimin-rritet-cmimi-i-naftes-ja-per-sa-dite","status":"publish","type":"post","link":"https:\/\/zjarr.tv\/en\/bordi-merr-vendimin-rritet-cmimi-i-naftes-ja-per-sa-dite\/","title":{"rendered":"Bordi merr vendimin: Rritet \u00e7mimi i naft\u00ebs, ja p\u00ebr sa dit\u00eb"},"content":{"rendered":"<p>\u00c7mimi i naft\u00ebs do t\u00eb vijoj\u00eb t\u00eb rritet n\u00eb dit\u00ebt e ardhshme. \u00cbsht\u00eb ky vendimi i marr\u00eb nga Bordi i Administrimit t\u00eb \u00e7mimit t\u00eb karburanteve, nd\u00ebrkoh\u00eb rritje pritet t\u00eb ket\u00eb dhe \u00e7mimi i benzin\u00ebs.<\/p>\n<p>M\u00eb posht\u00eb vendimi i bordit, q\u00eb detyron karburantet t\u00eb tregtojn\u00eb me t\u00eb nj\u00ebjtin \u00e7mim:<\/p>\n<p>1. \u00c7mimi me shumic\u00eb i n\u00ebnproduktit gazoil do t\u00eb jet\u00eb 227 lek\u00eb\/lit\u00ebr, dhe n\u00ebnproduktit benzin\u00eb p\u00ebr periudh\u00ebn 23 mars-25 mars 2022, t\u00eb jet\u00eb 208 lek\u00eb\/liter.<\/p>\n<p>2. \u00c7mimi i shitjes me pakic\u00eb i n\u00ebnproduktit gazoil i standardit SSH EN 590 p\u00ebr periudh\u00ebn 23 mars -25 mars 2022, t\u00eb jet\u00eb 233 lek\u00eb\/litri.<\/p>\n<p>3.\u00c7mimi i shitjes me pakic\u00eb i n\u00ebnproduktit benzin\u00eb e standardit SSH EN 228 p\u00ebr periudh\u00ebn 23 mars-25 mars 2022, t\u00eb jet\u00eb 218 lek\u00eb\/litri.<\/p>\n<p>4. \u00c7mimi i shitjes me pakic\u00eb i n\u00ebnproduktit gaz p\u00ebr periudh\u00ebn 23 mars-25 mars 2022, t\u00eb jet\u00eb 93 lek\u00eb\/litri.<\/p>\n<p>Vendimi i Bordit hyn n\u00eb fuqi dhe do reflektohet n\u00eb dat\u00eb 23 Mars, nd\u00ebrkoh\u00eb q\u00eb mbledhja e ardhshme do t\u00eb jet\u00eb dit\u00ebn e Premte, dat\u00eb 25.03.2022 me q\u00ebllim pasqyrimin n\u00eb \u00e7mimin e shitjes me pakic\u00eb t\u00eb k\u00ebtyre n\u00ebnprodukteve, t\u00eb ndryshimeve t\u00eb mundshme t\u00eb \u00e7mimeve n\u00eb tregjet nd\u00ebrkomb\u00ebtare.<\/p>\n<p>\u00c7do operator i shitjes me shumic\u00eb dhe pakic\u00eb i n\u00ebnprodukteve t\u00eb naft\u00ebs \u00ebsht\u00eb i detytuar t\u00eb zbatoj\u00eb Vendimin e Bordit t\u00eb Transparenc\u00ebs, n\u00eb lidhje m\u00eb \u00e7mimet e shitjes me shumic\u00eb dhe pakic\u00eb.<\/p>\n<p>Organet ligjzbatuese do t\u00eb kontrollojn\u00eb zbatimin e vendimeve t\u00eb Bordit t\u00eb Transparenc\u00ebs \u00e7do dit\u00eb.<\/p>\n<p>N\u00eb rast t\u00eb shkeljeve t\u00eb konstatuara nga operator\u00eb t\u00eb ndrysh\u00ebm do t\u00eb zbatohen penalitetet e p\u00ebrcaktuara n\u00eb Aktin Nortmativ.<\/p>","protected":false},"excerpt":{"rendered":"<p>\u00c7mimi i naft\u00ebs do t\u00eb vijoj\u00eb t\u00eb rritet n\u00eb dit\u00ebt e ardhshme. \u00cbsht\u00eb ky vendimi i marr\u00eb nga Bordi i Administrimit t\u00eb \u00e7mimit t\u00eb karburanteve, nd\u00ebrkoh\u00eb rritje pritet t\u00eb ket\u00eb dhe \u00e7mimi i benzin\u00ebs. M\u00eb posht\u00eb vendimi i bordit, q\u00eb detyron karburantet t\u00eb tregtojn\u00eb me t\u00eb nj\u00ebjtin \u00e7mim: 1. \u00c7mimi me shumic\u00eb i n\u00ebnproduktit gazoil [&hellip;]<\/p>\n","protected":false},"author":2020,"featured_media":246070,"comment_status":"closed","ping_status":"closed","sticky":false,"template":"","format":"standard","meta":{"footnotes":""},"categories":[241,5380,231],"tags":[],"class_list":{"0":"post-246069","1":"post","2":"type-post","3":"status-publish","4":"format-standard","5":"has-post-thumbnail","7":"category-aktualitet","8":"category-kryesore","9":"category-lajme"},"_links":{"self":[{"href":"https:\/\/zjarr.tv\/en\/wp-json\/wp\/v2\/posts\/246069","targetHints":{"allow":["GET"]}}],"collection":[{"href":"https:\/\/zjarr.tv\/en\/wp-json\/wp\/v2\/posts"}],"about":[{"href":"https:\/\/zjarr.tv\/en\/wp-json\/wp\/v2\/types\/post"}],"author":[{"embeddable":true,"href":"https:\/\/zjarr.tv\/en\/wp-json\/wp\/v2\/users\/2020"}],"replies":[{"embeddable":true,"href":"https:\/\/zjarr.tv\/en\/wp-json\/wp\/v2\/comments?post=246069"}],"version-history":[{"count":0,"href":"https:\/\/zjarr.tv\/en\/wp-json\/wp\/v2\/posts\/246069\/revisions"}],"wp:featuredmedia":[{"embeddable":true,"href":"https:\/\/zjarr.tv\/en\/wp-json\/wp\/v2\/media\/246070"}],"wp:attachment":[{"href":"https:\/\/zjarr.tv\/en\/wp-json\/wp\/v2\/media?parent=246069"}],"wp:term":[{"taxonomy":"category","embeddable":true,"href":"https:\/\/zjarr.tv\/en\/wp-json\/wp\/v2\/categories?post=246069"},{"taxonomy":"post_tag","embeddable":true,"href":"https:\/\/zjarr.tv\/en\/wp-json\/wp\/v2\/tags?post=246069"}],"curies":[{"name":"wp","href":"https:\/\/api.w.org\/{rel}","templated":true}]}}