{"id":246084,"date":"2022-03-23T16:27:31","date_gmt":"2022-03-23T15:27:31","guid":{"rendered":"https:\/\/zjarr.tv\/?p=246084"},"modified":"2022-03-23T16:27:31","modified_gmt":"2022-03-23T15:27:31","slug":"mbledhja-e-komitetit-balluku-zbulon-nese-do-kete-mungesa-ne-furnizimin-me-energji","status":"publish","type":"post","link":"https:\/\/zjarr.tv\/en\/mbledhja-e-komitetit-balluku-zbulon-nese-do-kete-mungesa-ne-furnizimin-me-energji\/","title":{"rendered":"Mbledhja e Komitetit, Balluku zbulon n\u00ebse do ket\u00eb mungesa n\u00eb furnizimin me energji"},"content":{"rendered":"<p>Ministrja e Energjis\u00eb dhe Insfrastruktur\u00ebs, Belinda Balluku ka theksuar dit\u00ebn e sotme se nuk do t\u00eb ket\u00eb nd\u00ebrprerje t\u00eb furnizimit me energji n\u00eb familjet shqiptare.<\/p>\n<p>Gjat\u00eb mbledhjes s\u00eb Komitetit t\u00eb Energjis\u00eb, Balluku tha se pavar\u00ebsisht v\u00ebshitr\u00ebsis\u00eb s\u00eb krijuar nga mungesa e reshjeve, qeveria shqiptare do t\u00eb vazhdonte t\u00eb importonte energji elektrike duke mos nd\u00ebrprer\u00eb furnizimin p\u00ebr familjet shqiptare.<\/p>\n<p><strong>Balluku:<\/strong>\u00a0<em>Energjia nuk do t\u00eb mungoj\u00eb p\u00ebr qytetar\u00ebt. Qeveria ka marr\u00eb p\u00ebrsip\u00ebr q\u00eb t\u00eb mbuloj\u00eb shpenzimet e shtuara p\u00ebr shkak t\u00eb importit p\u00ebr biznesin e vog\u00ebl. <\/em><\/p>\n<p><em>Ne do t\u00eb vazhdojm\u00eb t\u00eb mb\u00ebshtesim k\u00ebto biznese. Pavar\u00ebsisht kushteve t\u00eb motit, ne do t\u00eb vazhdojm\u00eb t\u00eb mos hasim mungesa n\u00eb energjin\u00eb elektrike. Derisa n\u00eb kasakad\u00ebn e Drinit ne t\u00eb kemi nj\u00eb nivel t\u00eb ri t\u00eb prurjeve, detyrimisht do t\u2019u drejtohemi importeve.<\/em><\/p>","protected":false},"excerpt":{"rendered":"<p>Ministrja e Energjis\u00eb dhe Insfrastruktur\u00ebs, Belinda Balluku ka theksuar dit\u00ebn e sotme se nuk do t\u00eb ket\u00eb nd\u00ebrprerje t\u00eb furnizimit me energji n\u00eb familjet shqiptare. Gjat\u00eb mbledhjes s\u00eb Komitetit t\u00eb Energjis\u00eb, Balluku tha se pavar\u00ebsisht v\u00ebshitr\u00ebsis\u00eb s\u00eb krijuar nga mungesa e reshjeve, qeveria shqiptare do t\u00eb vazhdonte t\u00eb importonte energji elektrike duke mos nd\u00ebrprer\u00eb furnizimin [&hellip;]<\/p>\n","protected":false},"author":2020,"featured_media":246085,"comment_status":"closed","ping_status":"closed","sticky":false,"template":"","format":"standard","meta":{"footnotes":""},"categories":[241,5380,231],"tags":[],"class_list":{"0":"post-246084","1":"post","2":"type-post","3":"status-publish","4":"format-standard","5":"has-post-thumbnail","7":"category-aktualitet","8":"category-kryesore","9":"category-lajme"},"_links":{"self":[{"href":"https:\/\/zjarr.tv\/en\/wp-json\/wp\/v2\/posts\/246084","targetHints":{"allow":["GET"]}}],"collection":[{"href":"https:\/\/zjarr.tv\/en\/wp-json\/wp\/v2\/posts"}],"about":[{"href":"https:\/\/zjarr.tv\/en\/wp-json\/wp\/v2\/types\/post"}],"author":[{"embeddable":true,"href":"https:\/\/zjarr.tv\/en\/wp-json\/wp\/v2\/users\/2020"}],"replies":[{"embeddable":true,"href":"https:\/\/zjarr.tv\/en\/wp-json\/wp\/v2\/comments?post=246084"}],"version-history":[{"count":0,"href":"https:\/\/zjarr.tv\/en\/wp-json\/wp\/v2\/posts\/246084\/revisions"}],"wp:featuredmedia":[{"embeddable":true,"href":"https:\/\/zjarr.tv\/en\/wp-json\/wp\/v2\/media\/246085"}],"wp:attachment":[{"href":"https:\/\/zjarr.tv\/en\/wp-json\/wp\/v2\/media?parent=246084"}],"wp:term":[{"taxonomy":"category","embeddable":true,"href":"https:\/\/zjarr.tv\/en\/wp-json\/wp\/v2\/categories?post=246084"},{"taxonomy":"post_tag","embeddable":true,"href":"https:\/\/zjarr.tv\/en\/wp-json\/wp\/v2\/tags?post=246084"}],"curies":[{"name":"wp","href":"https:\/\/api.w.org\/{rel}","templated":true}]}}