{"id":246108,"date":"2022-03-23T18:34:57","date_gmt":"2022-03-23T17:34:57","guid":{"rendered":"https:\/\/zjarr.tv\/?p=246108"},"modified":"2022-03-23T18:34:57","modified_gmt":"2022-03-23T17:34:57","slug":"kreshnik-spahiu-jep-zgjidhjen-berisha-kryetar-basha-zv-kryetar-parlamenti-boll-bete-sikur-u-rrahet-nga-halli-i-amerikaneve","status":"publish","type":"post","link":"https:\/\/zjarr.tv\/en\/kreshnik-spahiu-jep-zgjidhjen-berisha-kryetar-basha-zv-kryetar-parlamenti-boll-bete-sikur-u-rrahet-nga-halli-i-amerikaneve\/","title":{"rendered":"Kreshnik Spahiu jep zgjidhjen: Berisha kryetar, Basha zv\/kryetar parlamenti! Boll b\u00ebt\u00eb sikur u rrah\u00ebt nga halli i amerikan\u00ebve"},"content":{"rendered":"<p>Ish-kryetari i Aleanc\u00ebs Kuq e Zi, Kreshnik Spahiu i quan si \u201cteat\u00ebr\u201d negociatat p\u00ebr bashkimin e Partis\u00eb Demokratike.<\/p>\n<p>N\u00eb nj\u00eb koment t\u00eb shkurt\u00ebr n\u00eb rrjetet sociale, ai sugjeron edhe nj\u00eb zgjidhje, ku Sali Berisha b\u00ebhet kryetar i partis\u00eb dhe Lulzim Basha merr postin e n\u00ebn-kryetarit t\u00eb Parlamentit.<\/p>\n<p>\u201cE dim\u00eb q\u00eb nga halli amerikanve, b\u00ebt\u00eb sikur u rrah\u00ebt me nj\u00ebri-tjetrin\u201d, shkruan Spahiu.<\/p>\n<p>Postimi i plot\u00eb:<\/p>\n<p>Boll luajt\u00ebt teat\u00ebr:<\/p>\n<p>Zgjidhni Berish\u00ebn kryetar dhe Bash\u00ebn zv\/kryetar parlamenti. T\u00eb dyja vendet bosh i keni ruajtur prej 9 vitesh. L\u00ebrini k\u00ebto prralla me negociator, se filmi \u00ebsht\u00eb kuptuar.<\/p>\n<p>E dim\u00eb q\u00eb nga halli amerikanve, b\u00ebt\u00eb sikur u rrah\u00ebt me nj\u00ebri-tjetrin. Ju e keni zakon t\u00eb puthni at\u00eb q\u00eb p\u00ebshtyni, por s\u2019ka problem se kan\u00eb kaluar 2 muaj nga dajaku.<\/p>\n<p>Me shqiptar\u00ebt 3 dit\u00eb zgjat \u00e7udia. Jeni brenda afati.<\/p>","protected":false},"excerpt":{"rendered":"<p>Ish-kryetari i Aleanc\u00ebs Kuq e Zi, Kreshnik Spahiu i quan si \u201cteat\u00ebr\u201d negociatat p\u00ebr bashkimin e Partis\u00eb Demokratike. N\u00eb nj\u00eb koment t\u00eb shkurt\u00ebr n\u00eb rrjetet sociale, ai sugjeron edhe nj\u00eb zgjidhje, ku Sali Berisha b\u00ebhet kryetar i partis\u00eb dhe Lulzim Basha merr postin e n\u00ebn-kryetarit t\u00eb Parlamentit. \u201cE dim\u00eb q\u00eb nga halli amerikanve, b\u00ebt\u00eb sikur [&hellip;]<\/p>\n","protected":false},"author":2030,"featured_media":182499,"comment_status":"closed","ping_status":"closed","sticky":false,"template":"","format":"standard","meta":{"footnotes":""},"categories":[241,3366,231],"tags":[],"class_list":{"0":"post-246108","1":"post","2":"type-post","3":"status-publish","4":"format-standard","5":"has-post-thumbnail","7":"category-aktualitet","8":"category-koment","9":"category-lajme"},"_links":{"self":[{"href":"https:\/\/zjarr.tv\/en\/wp-json\/wp\/v2\/posts\/246108","targetHints":{"allow":["GET"]}}],"collection":[{"href":"https:\/\/zjarr.tv\/en\/wp-json\/wp\/v2\/posts"}],"about":[{"href":"https:\/\/zjarr.tv\/en\/wp-json\/wp\/v2\/types\/post"}],"author":[{"embeddable":true,"href":"https:\/\/zjarr.tv\/en\/wp-json\/wp\/v2\/users\/2030"}],"replies":[{"embeddable":true,"href":"https:\/\/zjarr.tv\/en\/wp-json\/wp\/v2\/comments?post=246108"}],"version-history":[{"count":0,"href":"https:\/\/zjarr.tv\/en\/wp-json\/wp\/v2\/posts\/246108\/revisions"}],"wp:featuredmedia":[{"embeddable":true,"href":"https:\/\/zjarr.tv\/en\/wp-json\/wp\/v2\/media\/182499"}],"wp:attachment":[{"href":"https:\/\/zjarr.tv\/en\/wp-json\/wp\/v2\/media?parent=246108"}],"wp:term":[{"taxonomy":"category","embeddable":true,"href":"https:\/\/zjarr.tv\/en\/wp-json\/wp\/v2\/categories?post=246108"},{"taxonomy":"post_tag","embeddable":true,"href":"https:\/\/zjarr.tv\/en\/wp-json\/wp\/v2\/tags?post=246108"}],"curies":[{"name":"wp","href":"https:\/\/api.w.org\/{rel}","templated":true}]}}