{"id":246112,"date":"2022-03-23T18:40:57","date_gmt":"2022-03-23T17:40:57","guid":{"rendered":"https:\/\/zjarr.tv\/?p=246112"},"modified":"2022-03-23T18:40:57","modified_gmt":"2022-03-23T17:40:57","slug":"betimi-i-sander-becit-si-anetar-i-ri-i-gjk-ambasada-e-shba-kjo-perfaqeson-perparimin-e-pandalshem-te-reformes-ne-drejtesi","status":"publish","type":"post","link":"https:\/\/zjarr.tv\/en\/betimi-i-sander-becit-si-anetar-i-ri-i-gjk-ambasada-e-shba-kjo-perfaqeson-perparimin-e-pandalshem-te-reformes-ne-drejtesi\/","title":{"rendered":"Betimi i Sand\u00ebr Becit si an\u00ebtar i ri i GJK, ambasada e SHBA: Kjo p\u00ebrfaq\u00ebson p\u00ebrparimin e pandalsh\u00ebm t\u00eb Reform\u00ebs n\u00eb Drejt\u00ebsi"},"content":{"rendered":"<p>Ambasada e SHBA n\u00eb Tiran\u00eb ka reaguar pasi an\u00ebtar i ri i Gjykat\u00ebs Kushtetuese, Sand\u00ebr Beci \u00ebsht\u00eb betuar sot n\u00eb Presidenc\u00eb.<\/p>\n<p>N\u00eb postimin e ambasad\u00ebs thuhet se SHBA e mir\u00ebpret betimin e an\u00ebtarit t\u00eb 8-t\u00eb t\u00eb Gjykat\u00ebs Kushtetuese q\u00eb p\u00ebrfaq\u00ebson p\u00ebrparimin e pandalsh\u00ebm t\u00eb Reform\u00ebs n\u00eb Drejt\u00ebsi.<\/p>\n<p>\u201cSHBA mir\u00ebpret betimin e sot\u00ebm t\u00eb an\u00ebtarit t\u00eb 8-t\u00eb t\u00eb Gjykat\u00ebs Kushtetuese, \u00e7ka p\u00ebrfaq\u00ebson p\u00ebrparimin e pandalsh\u00ebm t\u00eb Reform\u00ebs n\u00eb Drejt\u00ebsi &amp; bashk\u00ebpunimin e vazhduesh\u00ebm t\u00eb institucioneve. Reforma n\u00eb Drejt\u00ebsi vijon t\u00eb ec\u00eb p\u00ebrpara\u201dshkruan ambasada.<\/p>","protected":false},"excerpt":{"rendered":"<p>Ambasada e SHBA n\u00eb Tiran\u00eb ka reaguar pasi an\u00ebtar i ri i Gjykat\u00ebs Kushtetuese, Sand\u00ebr Beci \u00ebsht\u00eb betuar sot n\u00eb Presidenc\u00eb. N\u00eb postimin e ambasad\u00ebs thuhet se SHBA e mir\u00ebpret betimin e an\u00ebtarit t\u00eb 8-t\u00eb t\u00eb Gjykat\u00ebs Kushtetuese q\u00eb p\u00ebrfaq\u00ebson p\u00ebrparimin e pandalsh\u00ebm t\u00eb Reform\u00ebs n\u00eb Drejt\u00ebsi. \u201cSHBA mir\u00ebpret betimin e sot\u00ebm t\u00eb an\u00ebtarit t\u00eb [&hellip;]<\/p>\n","protected":false},"author":2030,"featured_media":246113,"comment_status":"closed","ping_status":"closed","sticky":false,"template":"","format":"standard","meta":{"footnotes":""},"categories":[241,3366,5380,231],"tags":[],"class_list":{"0":"post-246112","1":"post","2":"type-post","3":"status-publish","4":"format-standard","5":"has-post-thumbnail","7":"category-aktualitet","8":"category-koment","9":"category-kryesore","10":"category-lajme"},"_links":{"self":[{"href":"https:\/\/zjarr.tv\/en\/wp-json\/wp\/v2\/posts\/246112","targetHints":{"allow":["GET"]}}],"collection":[{"href":"https:\/\/zjarr.tv\/en\/wp-json\/wp\/v2\/posts"}],"about":[{"href":"https:\/\/zjarr.tv\/en\/wp-json\/wp\/v2\/types\/post"}],"author":[{"embeddable":true,"href":"https:\/\/zjarr.tv\/en\/wp-json\/wp\/v2\/users\/2030"}],"replies":[{"embeddable":true,"href":"https:\/\/zjarr.tv\/en\/wp-json\/wp\/v2\/comments?post=246112"}],"version-history":[{"count":0,"href":"https:\/\/zjarr.tv\/en\/wp-json\/wp\/v2\/posts\/246112\/revisions"}],"wp:featuredmedia":[{"embeddable":true,"href":"https:\/\/zjarr.tv\/en\/wp-json\/wp\/v2\/media\/246113"}],"wp:attachment":[{"href":"https:\/\/zjarr.tv\/en\/wp-json\/wp\/v2\/media?parent=246112"}],"wp:term":[{"taxonomy":"category","embeddable":true,"href":"https:\/\/zjarr.tv\/en\/wp-json\/wp\/v2\/categories?post=246112"},{"taxonomy":"post_tag","embeddable":true,"href":"https:\/\/zjarr.tv\/en\/wp-json\/wp\/v2\/tags?post=246112"}],"curies":[{"name":"wp","href":"https:\/\/api.w.org\/{rel}","templated":true}]}}