{"id":246129,"date":"2022-03-23T21:31:22","date_gmt":"2022-03-23T20:31:22","guid":{"rendered":"https:\/\/zjarr.tv\/?p=246129"},"modified":"2022-03-23T21:31:22","modified_gmt":"2022-03-23T20:31:22","slug":"aksident-masiv-ne-fushe-kruje-dyshohet-per-tre-te-plagosur-rende-nje-person-i-bllokuar-ne-makine","status":"publish","type":"post","link":"https:\/\/zjarr.tv\/en\/aksident-masiv-ne-fushe-kruje-dyshohet-per-tre-te-plagosur-rende-nje-person-i-bllokuar-ne-makine\/","title":{"rendered":"Aksident masiv n\u00eb Fush\u00eb Kruj\u00eb, dyshohet p\u00ebr tre t\u00eb plagosur r\u00ebnd\u00eb, nj\u00eb person i bllokuar n\u00eb makin\u00eb"},"content":{"rendered":"<p>Nj\u00eb aksident i r\u00ebnd\u00eb ka ndodhur mbr\u00ebmjen e sotme n\u00eb af\u00ebris t\u00eb fshatit Derven, n\u00eb aksin Fush\u00eb Kruj\u00eb \u2013 Milot. <\/p>\n<p>Raportohet se n\u00eb aksident jan\u00eb p\u00ebrfshir\u00eb disa automjete, nj\u00eb benz me targ\u00eb AA 385 TL\u2019, nj\u00eb \u2018Golf\u2019 me targa \u2018AB 700 XG\u2019 dhe nj\u00eb \u2018Benz\u2019 tjet\u00ebr, t\u00eb cilat jan\u00eb p\u00ebrplasur me nj\u00ebra-tjetr\u00ebn. <\/p>\n<p>M\u00ebsohet se tre persona kan\u00eb mbetur t\u00eb plagosur r\u00ebnd\u00eb, nd\u00ebrsa nj\u00eb tjet\u00ebr ka mbetur i bllokuar n\u00eb makin\u00eb. Nd\u00ebrkoh\u00eb, ambulanca dhe Policia jan\u00eb nisur drejt vendngjarjes.<\/p>","protected":false},"excerpt":{"rendered":"<p>Nj\u00eb aksident i r\u00ebnd\u00eb ka ndodhur mbr\u00ebmjen e sotme n\u00eb af\u00ebris t\u00eb fshatit Derven, n\u00eb aksin Fush\u00eb Kruj\u00eb \u2013 Milot. Raportohet se n\u00eb aksident jan\u00eb p\u00ebrfshir\u00eb disa automjete, nj\u00eb benz me targ\u00eb AA 385 TL\u2019, nj\u00eb \u2018Golf\u2019 me targa \u2018AB 700 XG\u2019 dhe nj\u00eb \u2018Benz\u2019 tjet\u00ebr, t\u00eb cilat jan\u00eb p\u00ebrplasur me nj\u00ebra-tjetr\u00ebn. M\u00ebsohet se tre [&hellip;]<\/p>\n","protected":false},"author":2031,"featured_media":246130,"comment_status":"closed","ping_status":"closed","sticky":false,"template":"","format":"standard","meta":{"footnotes":""},"categories":[231],"tags":[],"class_list":{"0":"post-246129","1":"post","2":"type-post","3":"status-publish","4":"format-standard","5":"has-post-thumbnail","7":"category-lajme"},"_links":{"self":[{"href":"https:\/\/zjarr.tv\/en\/wp-json\/wp\/v2\/posts\/246129","targetHints":{"allow":["GET"]}}],"collection":[{"href":"https:\/\/zjarr.tv\/en\/wp-json\/wp\/v2\/posts"}],"about":[{"href":"https:\/\/zjarr.tv\/en\/wp-json\/wp\/v2\/types\/post"}],"author":[{"embeddable":true,"href":"https:\/\/zjarr.tv\/en\/wp-json\/wp\/v2\/users\/2031"}],"replies":[{"embeddable":true,"href":"https:\/\/zjarr.tv\/en\/wp-json\/wp\/v2\/comments?post=246129"}],"version-history":[{"count":0,"href":"https:\/\/zjarr.tv\/en\/wp-json\/wp\/v2\/posts\/246129\/revisions"}],"wp:featuredmedia":[{"embeddable":true,"href":"https:\/\/zjarr.tv\/en\/wp-json\/wp\/v2\/media\/246130"}],"wp:attachment":[{"href":"https:\/\/zjarr.tv\/en\/wp-json\/wp\/v2\/media?parent=246129"}],"wp:term":[{"taxonomy":"category","embeddable":true,"href":"https:\/\/zjarr.tv\/en\/wp-json\/wp\/v2\/categories?post=246129"},{"taxonomy":"post_tag","embeddable":true,"href":"https:\/\/zjarr.tv\/en\/wp-json\/wp\/v2\/tags?post=246129"}],"curies":[{"name":"wp","href":"https:\/\/api.w.org\/{rel}","templated":true}]}}