{"id":246133,"date":"2022-03-23T21:37:34","date_gmt":"2022-03-23T20:37:34","guid":{"rendered":"https:\/\/zjarr.tv\/?p=246133"},"modified":"2022-03-23T21:37:34","modified_gmt":"2022-03-23T20:37:34","slug":"tomorr-alizoti-ben-deklaraten-e-forte-te-shfuqizohet-perjashtimi-i-berishes-dhe-te-zhblindohen-dyert-e-selise-se-pd","status":"publish","type":"post","link":"https:\/\/zjarr.tv\/en\/tomorr-alizoti-ben-deklaraten-e-forte-te-shfuqizohet-perjashtimi-i-berishes-dhe-te-zhblindohen-dyert-e-selise-se-pd\/","title":{"rendered":"Tomorr Alizoti b\u00ebn deklarat\u00ebn e FORT\u00cb: T\u00eb shfuqizohet p\u00ebrjashtimi i Berish\u00ebs dhe t\u00eb zhblindohen dyert e selis\u00eb s\u00eb PD"},"content":{"rendered":"<p>Deputeti demokrat Tomorr Alizoti ka folur pas p\u00ebrfundimit t\u00eb mbledhjes s\u00eb Kryesis\u00eb s\u00eb PD, duke k\u00ebrkuar rikthimin e Sali Berish\u00ebs dhe zhblindimin e dyerve t\u00eb selis\u00eb blu. <\/p>\n<p>Teksa ka dal\u00eb nga selia ai u ka b\u00ebr\u00eb thirrje demokrat\u00ebve q\u00eb t\u00eb bashkkohen duke l\u00ebn\u00eb pas grupimet. <\/p>\n<p>\u201cBashkimi i demokrateve behet jo me retorike por me akte. Duhet shfuqizuar cdo p\u00ebrjashtim i demokrateve, p\u00ebrfshire edhe Berish\u00ebn. Dubet t\u00eb ndodh\u00eb zhblindimi i dyerve. T\u00eb hapet sa m\u00eb shpejt gara, askush te mos jete i p\u00ebrjashtuar te marr pjese\u201d, tha ai.<\/p>","protected":false},"excerpt":{"rendered":"<p>Deputeti demokrat Tomorr Alizoti ka folur pas p\u00ebrfundimit t\u00eb mbledhjes s\u00eb Kryesis\u00eb s\u00eb PD, duke k\u00ebrkuar rikthimin e Sali Berish\u00ebs dhe zhblindimin e dyerve t\u00eb selis\u00eb blu. Teksa ka dal\u00eb nga selia ai u ka b\u00ebr\u00eb thirrje demokrat\u00ebve q\u00eb t\u00eb bashkkohen duke l\u00ebn\u00eb pas grupimet. \u201cBashkimi i demokrateve behet jo me retorike por me akte. [&hellip;]<\/p>\n","protected":false},"author":2031,"featured_media":246134,"comment_status":"closed","ping_status":"closed","sticky":false,"template":"","format":"standard","meta":{"footnotes":""},"categories":[231],"tags":[],"class_list":{"0":"post-246133","1":"post","2":"type-post","3":"status-publish","4":"format-standard","5":"has-post-thumbnail","7":"category-lajme"},"_links":{"self":[{"href":"https:\/\/zjarr.tv\/en\/wp-json\/wp\/v2\/posts\/246133","targetHints":{"allow":["GET"]}}],"collection":[{"href":"https:\/\/zjarr.tv\/en\/wp-json\/wp\/v2\/posts"}],"about":[{"href":"https:\/\/zjarr.tv\/en\/wp-json\/wp\/v2\/types\/post"}],"author":[{"embeddable":true,"href":"https:\/\/zjarr.tv\/en\/wp-json\/wp\/v2\/users\/2031"}],"replies":[{"embeddable":true,"href":"https:\/\/zjarr.tv\/en\/wp-json\/wp\/v2\/comments?post=246133"}],"version-history":[{"count":0,"href":"https:\/\/zjarr.tv\/en\/wp-json\/wp\/v2\/posts\/246133\/revisions"}],"wp:featuredmedia":[{"embeddable":true,"href":"https:\/\/zjarr.tv\/en\/wp-json\/wp\/v2\/media\/246134"}],"wp:attachment":[{"href":"https:\/\/zjarr.tv\/en\/wp-json\/wp\/v2\/media?parent=246133"}],"wp:term":[{"taxonomy":"category","embeddable":true,"href":"https:\/\/zjarr.tv\/en\/wp-json\/wp\/v2\/categories?post=246133"},{"taxonomy":"post_tag","embeddable":true,"href":"https:\/\/zjarr.tv\/en\/wp-json\/wp\/v2\/tags?post=246133"}],"curies":[{"name":"wp","href":"https:\/\/api.w.org\/{rel}","templated":true}]}}