{"id":246258,"date":"2022-03-24T14:42:48","date_gmt":"2022-03-24T13:42:48","guid":{"rendered":"https:\/\/zjarr.tv\/?p=246258"},"modified":"2022-03-24T14:42:48","modified_gmt":"2022-03-24T13:42:48","slug":"grupi-i-punes-per-bashkimin-e-pd-berisha-jemi-te-hapur-per-diskutime-me-cilindo-demokrat-basha-u-arkivua-me-doreheqjen-e-tij","status":"publish","type":"post","link":"https:\/\/zjarr.tv\/en\/grupi-i-punes-per-bashkimin-e-pd-berisha-jemi-te-hapur-per-diskutime-me-cilindo-demokrat-basha-u-arkivua-me-doreheqjen-e-tij\/","title":{"rendered":"Grupi i pun\u00ebs p\u00ebr bashkimin e PD, Berisha: Jemi t\u00eb hapur p\u00ebr diskutime me cilindo demokrat, Basha u arkivua me dor\u00ebheqjen e tij"},"content":{"rendered":"<p>Ish-kryeministri Sali Berisha thot\u00eb se \u00ebsht\u00eb i gatsh\u00ebm p\u00ebr diskutime q\u00eb do t\u00eb \u00e7onin n\u00eb bashkimin e Partis\u00eb Demokratike.<\/p>\n<p>I pyetur p\u00ebr grupin e pun\u00ebs t\u00eb propozuar n\u00eb mbledhjen e Kryesis\u00eb s\u00eb PD-s\u00eb, Berisha tha se partua \u00ebsht\u00eb vullnetplot\u00eb p\u00ebr t\u00eb diskutuar dhe debatuar me \u00e7do an\u00ebtar t\u00eb saj.<\/p>\n<p>P\u00ebr Lulzim Bash\u00ebn, Berisha u shpreh se \u201cBashizmi ishte doktrin\u00eb e dhunimit t\u00eb statutit, institucioneve, parimeve t\u00eb partis\u00eb\u201d.<\/p>\n<p>Pjes\u00eb nga deklarata p\u00ebr mediat e Berish\u00ebs:<\/p>\n<p>S\u00eb pari, dua t\u00eb garantoj demokrat\u00ebt t\u00eb t\u00eb gjitha niveleve, se Partia Demokratike \u00ebsht\u00eb e hapur dhe vullnetplot\u00eb p\u00ebr t\u00eb diskutuar, debatuar me \u00e7do an\u00ebtar t\u00eb saj, cilido qoft\u00eb ai. Jemi t\u00eb hapur. T\u00eb b\u00ebjm\u00eb gjith\u00e7ka p\u00ebr garantimin e vot\u00ebs s\u00eb lir\u00eb. Natyrisht fola p\u00ebr 11 dhjetorin, por sanksionimin m\u00eb t\u00eb plot\u00eb t\u00eb 11 dhjetorit e mori n\u00eb dat\u00ebn 6 mars. N\u00eb k\u00ebt\u00eb kontekst, PD ka institucionin e saj tashm\u00eb operativ dhe t\u00eb plot\u00eb, dhe ky \u00ebsht\u00eb grupi parlamentar. Un\u00eb gjykoj se debati brenda grupit parlamentar t\u00eb PD-s\u00eb, mund t\u00eb zhvillohet dhe gjykohet p\u00ebr \u00e7do gj\u00eb q\u00eb parlamentar\u00ebt e gjykojn\u00eb t\u00eb arsyeshme. Ftoj miqt\u00eb e mi, t\u00eb mos harrojn\u00eb q\u00eb Bashizmi ishte doktrin\u00eb e dhunimit t\u00eb statutit, institucioneve, parimeve t\u00eb partis\u00eb. Ai u arkivua s\u00eb bashku me dor\u00ebheqjen e Lulzim Bash\u00ebs. Askush nuk mund t\u00eb mendoj\u00eb t\u00eb paraqes\u00eb sikur t\u00eb ekzistojn\u00eb dy PD.<\/p>\n<p>Ia kam b\u00ebr\u00eb t\u00eb qart\u00eb Lulzim Bash\u00ebs, se an\u00ebtar\u00ebsia \u00ebsht\u00eb n\u00eb 6 mars. N\u00eb grupin parlamentar jan\u00eb t\u00eb gjith\u00eb p\u00ebrfshi edhe Lulzim Bash\u00ebn, dhe urdh\u00ebroni t\u00eb b\u00ebjm\u00eb debat. Sigurisht, grupi parlamentar \u00ebsht\u00eb vet\u00ebm nj\u00eb.<\/p>","protected":false},"excerpt":{"rendered":"<p>Ish-kryeministri Sali Berisha thot\u00eb se \u00ebsht\u00eb i gatsh\u00ebm p\u00ebr diskutime q\u00eb do t\u00eb \u00e7onin n\u00eb bashkimin e Partis\u00eb Demokratike. I pyetur p\u00ebr grupin e pun\u00ebs t\u00eb propozuar n\u00eb mbledhjen e Kryesis\u00eb s\u00eb PD-s\u00eb, Berisha tha se partua \u00ebsht\u00eb vullnetplot\u00eb p\u00ebr t\u00eb diskutuar dhe debatuar me \u00e7do an\u00ebtar t\u00eb saj. P\u00ebr Lulzim Bash\u00ebn, Berisha u shpreh [&hellip;]<\/p>\n","protected":false},"author":2030,"featured_media":246259,"comment_status":"closed","ping_status":"closed","sticky":false,"template":"","format":"standard","meta":{"footnotes":""},"categories":[241,3366,5380,231,1454],"tags":[],"class_list":{"0":"post-246258","1":"post","2":"type-post","3":"status-publish","4":"format-standard","5":"has-post-thumbnail","7":"category-aktualitet","8":"category-koment","9":"category-kryesore","10":"category-lajme","11":"category-politike"},"_links":{"self":[{"href":"https:\/\/zjarr.tv\/en\/wp-json\/wp\/v2\/posts\/246258","targetHints":{"allow":["GET"]}}],"collection":[{"href":"https:\/\/zjarr.tv\/en\/wp-json\/wp\/v2\/posts"}],"about":[{"href":"https:\/\/zjarr.tv\/en\/wp-json\/wp\/v2\/types\/post"}],"author":[{"embeddable":true,"href":"https:\/\/zjarr.tv\/en\/wp-json\/wp\/v2\/users\/2030"}],"replies":[{"embeddable":true,"href":"https:\/\/zjarr.tv\/en\/wp-json\/wp\/v2\/comments?post=246258"}],"version-history":[{"count":0,"href":"https:\/\/zjarr.tv\/en\/wp-json\/wp\/v2\/posts\/246258\/revisions"}],"wp:featuredmedia":[{"embeddable":true,"href":"https:\/\/zjarr.tv\/en\/wp-json\/wp\/v2\/media\/246259"}],"wp:attachment":[{"href":"https:\/\/zjarr.tv\/en\/wp-json\/wp\/v2\/media?parent=246258"}],"wp:term":[{"taxonomy":"category","embeddable":true,"href":"https:\/\/zjarr.tv\/en\/wp-json\/wp\/v2\/categories?post=246258"},{"taxonomy":"post_tag","embeddable":true,"href":"https:\/\/zjarr.tv\/en\/wp-json\/wp\/v2\/tags?post=246258"}],"curies":[{"name":"wp","href":"https:\/\/api.w.org\/{rel}","templated":true}]}}