{"id":246262,"date":"2022-03-24T14:46:22","date_gmt":"2022-03-24T13:46:22","guid":{"rendered":"https:\/\/zjarr.tv\/?p=246262"},"modified":"2022-03-24T14:46:22","modified_gmt":"2022-03-24T13:46:22","slug":"ministrja-frida-krifca-behet-lemsh-ne-kuvend-harron-tekstin-dhe-fillon-nga-e-para","status":"publish","type":"post","link":"https:\/\/zjarr.tv\/en\/ministrja-frida-krifca-behet-lemsh-ne-kuvend-harron-tekstin-dhe-fillon-nga-e-para\/","title":{"rendered":"Ministrja Frida Krifca \u201cb\u00ebhet l\u00ebmsh\u201d n\u00eb Kuvend, harron tekstin dhe fillon nga e para"},"content":{"rendered":"<p>Ministrja e Bujq\u00ebsis\u00eb dhe Zhvillimit Rural, Frida Krifca ka \u00ebsht\u00eb ngat\u00ebrruar n\u00eb hyrje t\u00eb fjal\u00ebs s\u00eb saj n\u00eb Kuvend.<\/p>\n<p>Teksa po fliste p\u00ebr kriz\u00ebn e rritjes s\u00eb \u00e7mimeve t\u00eb produkteve bujq\u00ebsore, ministrja harron tekstin dhe m\u00eb pas k\u00ebrkon ndjes\u00eb, duke filluar nga e para.<\/p>\n<p>\u201c\u00cbsht\u00eb e r\u00ebnd\u00eb n\u00eb fakt t\u00eb thuash q\u00eb kjo luft\u00eb nuk vjen p\u00ebr shkak t\u00eb\u2026q\u00eb edhe nj\u00ebher\u00eb ndjes\u00eb.\u00a0 \u00cbsht\u00eb e r\u00ebnd\u00eb t\u00eb thuash n\u00eb fakt q\u00eb kjo kriz\u00eb \u00e7mimesh me t\u00eb cil\u00ebn ne sot po p\u00ebrballemi, nuk vjen p\u00ebr efekt t\u00eb luft\u00ebs, me t\u00eb cil\u00ebn po p\u00ebrballen dy superfuqi bot\u00ebrore, edhe t\u00eb prodhimit bujq\u00ebsor\u201d, tha Krifca.<\/p>\n<p>M\u00eb tej ajo tha se qeveria ka ulur TVSH me 10% p\u00ebr fermer\u00ebt n\u00eb m\u00ebnyr\u00eb q\u00eb t\u00eb leht\u00ebsoj\u00eb sistemet e prodhimit.<\/p>\n<p>\u201cK\u00ebt\u00eb vit TVSH \u00ebsht\u00eb ulur 10% p\u00ebr fermer\u00ebt. Kemi marr\u00eb instrumente p\u00ebr t\u00eb leht\u00ebsuar sistemet e prodhimit. K\u00ebto sisteme kan\u00eb dhe kostot m\u00eb t\u00eb larta t\u00eb inputeve. P\u00ebrvec reduktimit t\u00eb energjis\u00eb p\u00ebr qytetar\u00ebt, qeveria ka ngritur me akt normative bordin p\u00ebr minirtorimin e peodukrteve baz\u00eb, ku \u00ebsht\u00eb p\u00ebrfshir\u00eb dhe monitorimi i produketve. Skema p\u00ebrfshin naft\u00ebn falas p\u00ebr fermer\u00ebt. Buxheti qe kemi n\u00eb dipozicion na lejon q\u00eb tani p\u00ebr tani ta mbaj\u00ebn k\u00ebt\u00eb angazhim. Skema e mb\u00ebshtetjes me baft\u00eb falas do t\u00eb ndihmoj\u00eb shum\u00eb fermer\u00eb. Objektivi \u00ebsht\u00eb q\u00eb t\u00eb ndihmojm\u00eb belgtor\u00ebt dhe prodhuesit. 40% e sip\u00ebrfaqes me grur\u00eb dhe mis\u00ebr K\u00ebto t\u00eb dh\u00ebna na b\u00ebjn\u00eb q\u00eb t\u00eb jemi shpres\u00eb plot\u00eb\u201d, shtoi m\u00eb tej ministrja.<\/p>","protected":false},"excerpt":{"rendered":"<p>Ministrja e Bujq\u00ebsis\u00eb dhe Zhvillimit Rural, Frida Krifca ka \u00ebsht\u00eb ngat\u00ebrruar n\u00eb hyrje t\u00eb fjal\u00ebs s\u00eb saj n\u00eb Kuvend. Teksa po fliste p\u00ebr kriz\u00ebn e rritjes s\u00eb \u00e7mimeve t\u00eb produkteve bujq\u00ebsore, ministrja harron tekstin dhe m\u00eb pas k\u00ebrkon ndjes\u00eb, duke filluar nga e para. \u201c\u00cbsht\u00eb e r\u00ebnd\u00eb n\u00eb fakt t\u00eb thuash q\u00eb kjo luft\u00eb nuk [&hellip;]<\/p>\n","protected":false},"author":2030,"featured_media":246263,"comment_status":"closed","ping_status":"closed","sticky":false,"template":"","format":"standard","meta":{"footnotes":""},"categories":[241,3366,5380,231,1454],"tags":[],"class_list":{"0":"post-246262","1":"post","2":"type-post","3":"status-publish","4":"format-standard","5":"has-post-thumbnail","7":"category-aktualitet","8":"category-koment","9":"category-kryesore","10":"category-lajme","11":"category-politike"},"_links":{"self":[{"href":"https:\/\/zjarr.tv\/en\/wp-json\/wp\/v2\/posts\/246262","targetHints":{"allow":["GET"]}}],"collection":[{"href":"https:\/\/zjarr.tv\/en\/wp-json\/wp\/v2\/posts"}],"about":[{"href":"https:\/\/zjarr.tv\/en\/wp-json\/wp\/v2\/types\/post"}],"author":[{"embeddable":true,"href":"https:\/\/zjarr.tv\/en\/wp-json\/wp\/v2\/users\/2030"}],"replies":[{"embeddable":true,"href":"https:\/\/zjarr.tv\/en\/wp-json\/wp\/v2\/comments?post=246262"}],"version-history":[{"count":0,"href":"https:\/\/zjarr.tv\/en\/wp-json\/wp\/v2\/posts\/246262\/revisions"}],"wp:featuredmedia":[{"embeddable":true,"href":"https:\/\/zjarr.tv\/en\/wp-json\/wp\/v2\/media\/246263"}],"wp:attachment":[{"href":"https:\/\/zjarr.tv\/en\/wp-json\/wp\/v2\/media?parent=246262"}],"wp:term":[{"taxonomy":"category","embeddable":true,"href":"https:\/\/zjarr.tv\/en\/wp-json\/wp\/v2\/categories?post=246262"},{"taxonomy":"post_tag","embeddable":true,"href":"https:\/\/zjarr.tv\/en\/wp-json\/wp\/v2\/tags?post=246262"}],"curies":[{"name":"wp","href":"https:\/\/api.w.org\/{rel}","templated":true}]}}