{"id":246288,"date":"2022-03-24T15:39:29","date_gmt":"2022-03-24T14:39:29","guid":{"rendered":"https:\/\/zjarr.tv\/?p=246288"},"modified":"2022-03-24T15:39:29","modified_gmt":"2022-03-24T14:39:29","slug":"rritja-e-cmimeve-pd-prezanton-ne-kuvend-projekt-rezoluten-me-10-pikat-per-zgjidhjen-e-krizes","status":"publish","type":"post","link":"https:\/\/zjarr.tv\/en\/rritja-e-cmimeve-pd-prezanton-ne-kuvend-projekt-rezoluten-me-10-pikat-per-zgjidhjen-e-krizes\/","title":{"rendered":"Rritja e \u00e7mimeve, PD prezanton n\u00eb Kuvend projekt-rezolut\u00ebn me 10 pikat p\u00ebr zgjidhjen e kriz\u00ebs"},"content":{"rendered":"<p>Partia Demokratike me p\u00ebrfaq\u00ebsues kryetarin e Komanduar t\u00eb PD, Enkelejd Alibeaj n\u00eb Kuvend ka prezantuar nj\u00eb projekt-rezolut\u00eb me 10 pika p\u00ebr zgjedhjen e kriz\u00ebs.<\/p>\n<p>PD k\u00ebrkon q\u00eb t\u00eb ulet n\u00eb 6% t\u00eb TVSH p\u00ebr mallrat e shport\u00ebs baz\u00eb dhe t\u00eb pezullohet taksa e qarkullimit. Gjithashtu nj\u00eb nd\u00ebr pikat \u00ebsht\u00eb edhe rritja e pag\u00ebs minimale n\u00eb mas\u00ebn 36,000 (tridhjet\u00eb e gjasht\u00eb mij\u00eb) lek\u00eb n\u00eb muaj duke filluar nga 1 Prill 2022;<\/p>\n<p>Projekt-rezolut\u00eb p\u00ebr p\u00ebrballimin e pasojave t\u00eb shkaktuara nga rritja e p\u00ebrgjithshme e cmimeve<\/p>\n<p>Rezoluta e PD:<\/p>\n<p>Duke konsideruar rritjen e p\u00ebrgjithshme t\u00eb cmimeve, ku vet\u00ebm gjat\u00eb muajit Shkurt \u00e7mimet n\u00eb p\u00ebrgjith\u00ebsi jan\u00eb rritur me 3.9%, e vecan\u00ebrisht \u00e7mimet e produkteve t\u00eb shport\u00ebs baz\u00eb t\u00eb konsumit jan\u00eb rritur me 6.9%;<\/p>\n<p>Duke marr\u00eb parasysh rritjen e ndjeshme t\u00eb cmimeve t\u00eb karburantit, e cila ka prodhuar rritjen me 10.4% t\u00eb cmimeve t\u00eb transportit, dhe me efekt domino passjell rritjen e t\u00eb gjitha cmimeve t\u00eb tjera;<\/p>\n<p>Duke konstatuar se masat e shpallura nga qeveria jan\u00eb krejt\u00ebsisht t\u00eb pamjaftueshme p\u00ebr situat\u00ebn n\u00eb t\u00eb cil\u00ebn ndodhen familjet dhe bizneset shqiptare, si dhe faktin se masat jan\u00eb pjes\u00eb e programit t\u00eb qeveris\u00eb, dhe jo t\u00eb diktuara nga situata aktuale;<\/p>\n<p>Duke vler\u00ebsuar t\u00eb drejta k\u00ebrkesat e shpallura nga p\u00ebrfaq\u00ebsues t\u00eb shoq\u00ebris\u00eb civile, t\u00eb biznesit, t\u00eb fermer\u00ebve, t\u00eb artikuluara gjat\u00eb protestave t\u00eb dit\u00ebve t\u00eb fundit;<\/p>\n<p>Duke iu bashkuar shqet\u00ebsimit t\u00eb qytetar\u00ebve dhe biznesit p\u00ebr pasigurit\u00eb e krijuara p\u00ebr t\u00eb ardhmen, ekonomin\u00eb, pun\u00ebsimin dhe mir\u00ebq\u00ebnien familjare;<\/p>\n<p>K\u00ebrkojm\u00eb:<\/p>\n<p>Uljen n\u00eb 6% t\u00eb TVSH p\u00ebr mallrat e shport\u00ebs baz\u00eb, propozim konsistent i Grupit Parlamentar t\u00eb Partis\u00eb Demokratike;<\/p>\n<p>Pezullimin e menj\u00ebhersh\u00ebm t\u00eb taks\u00ebs s\u00eb qarkullimit dhe kthimin e saj n\u00eb nivelet e 8 viteve m\u00eb par\u00eb, n\u00eb mas\u00ebn 7 lek\u00eb p\u00ebr lit\u00ebr nga 27 lek\u00eb\/lit\u00ebr aktualisht, duke eleminuar taks\u00ebn Rama mbi karburantin;<\/p>\n<p>Shkurtimin e menj\u00ebhersh\u00ebm t\u00eb shpenzimeve operative t\u00eb qeverisjes q\u00ebndrore me t\u00eb pakt\u00ebn 25% t\u00eb buxhetit t\u00eb planifikuar p\u00ebr k\u00ebt\u00eb z\u00eb p\u00ebr vitin buxhetor 2022;<\/p>\n<p>Dyfishimin e menj\u00ebhersh\u00ebm t\u00eb ndihm\u00ebs ekonomike p\u00ebr t\u00eb gjitha familjet n\u00eb nevoj\u00eb dhe jo thjesht trajtimin financiar t\u00eb tyre p\u00ebr nj\u00eb periudh\u00eb afatshkurt\u00ebr 3-mujore;<\/p>\n<p>Rritjen e menj\u00ebhershme t\u00eb pensioneve me dyfishin e indeksimit t\u00eb parashikuar nga vet\u00eb qeveria, duke filluar nga 1 Prill 2022;<\/p>\n<p>Rritjen e pag\u00ebs minimale n\u00eb mas\u00ebn 36,000 (tridhjet\u00eb e gjasht\u00eb mij\u00eb) lek\u00eb n\u00eb muaj duke filluar nga 1 Prill 2022;<\/p>\n<p>Pezullimin e menj\u00ebhersh\u00ebm t\u00eb pagesave buxhetore p\u00ebr PPP-t\u00eb dhe koncesionet, vecan\u00ebrisht ato t\u00eb cilat jan\u00eb n\u00ebn hetim nga Prokuroria e Posacme Kund\u00ebr Korrupsionit dhe Krimit t\u00eb Organizuar (SPAK) p\u00ebr veprimtari korruptive;<\/p>\n<p>Rritjen e subvencionimit ndaj fermer\u00ebve n\u00eb mas\u00ebn 100 milion euro\/vit me q\u00ebllim rritjen e prodhimit dhe uljen e kostove t\u00eb tyre, p\u00ebr t\u2019i b\u00ebr\u00eb produktet shqiptare konkurruese n\u00eb rajon;<\/p>\n<p>Kryerjen e nj\u00eb hetimi t\u00eb thelluar dhe gjith\u00ebp\u00ebrfshir\u00ebs nga Autoriteti i Konkurrenc\u00ebs, si dhe marrjen e masave urgjente n\u00eb p\u00ebrputhje me ligjin nr. 9121, dat\u00eb 28.7.2003 \u201cP\u00ebr Mbrojtjen e Konkurrenc\u00ebs\u201d;<\/p>\n<p>Raportimin nga Autoriteti i Konkurrenc\u00ebs p\u00ebrpara Kuvendit t\u00eb Shqip\u00ebris\u00eb brenda nj\u00eb afati 30-ditor nga data e miratimit t\u00eb k\u00ebsaj rezolute, lidhur me konkluzionet e hetimit, masat e marra dhe zbatimin e tyre n\u00eb praktik\u00eb.<\/p>","protected":false},"excerpt":{"rendered":"<p>Partia Demokratike me p\u00ebrfaq\u00ebsues kryetarin e Komanduar t\u00eb PD, Enkelejd Alibeaj n\u00eb Kuvend ka prezantuar nj\u00eb projekt-rezolut\u00eb me 10 pika p\u00ebr zgjedhjen e kriz\u00ebs. PD k\u00ebrkon q\u00eb t\u00eb ulet n\u00eb 6% t\u00eb TVSH p\u00ebr mallrat e shport\u00ebs baz\u00eb dhe t\u00eb pezullohet taksa e qarkullimit. Gjithashtu nj\u00eb nd\u00ebr pikat \u00ebsht\u00eb edhe rritja e pag\u00ebs minimale n\u00eb [&hellip;]<\/p>\n","protected":false},"author":2030,"featured_media":246289,"comment_status":"closed","ping_status":"closed","sticky":false,"template":"","format":"standard","meta":{"footnotes":""},"categories":[241,3366,5380,231,1454],"tags":[],"class_list":{"0":"post-246288","1":"post","2":"type-post","3":"status-publish","4":"format-standard","5":"has-post-thumbnail","7":"category-aktualitet","8":"category-koment","9":"category-kryesore","10":"category-lajme","11":"category-politike"},"_links":{"self":[{"href":"https:\/\/zjarr.tv\/en\/wp-json\/wp\/v2\/posts\/246288","targetHints":{"allow":["GET"]}}],"collection":[{"href":"https:\/\/zjarr.tv\/en\/wp-json\/wp\/v2\/posts"}],"about":[{"href":"https:\/\/zjarr.tv\/en\/wp-json\/wp\/v2\/types\/post"}],"author":[{"embeddable":true,"href":"https:\/\/zjarr.tv\/en\/wp-json\/wp\/v2\/users\/2030"}],"replies":[{"embeddable":true,"href":"https:\/\/zjarr.tv\/en\/wp-json\/wp\/v2\/comments?post=246288"}],"version-history":[{"count":0,"href":"https:\/\/zjarr.tv\/en\/wp-json\/wp\/v2\/posts\/246288\/revisions"}],"wp:featuredmedia":[{"embeddable":true,"href":"https:\/\/zjarr.tv\/en\/wp-json\/wp\/v2\/media\/246289"}],"wp:attachment":[{"href":"https:\/\/zjarr.tv\/en\/wp-json\/wp\/v2\/media?parent=246288"}],"wp:term":[{"taxonomy":"category","embeddable":true,"href":"https:\/\/zjarr.tv\/en\/wp-json\/wp\/v2\/categories?post=246288"},{"taxonomy":"post_tag","embeddable":true,"href":"https:\/\/zjarr.tv\/en\/wp-json\/wp\/v2\/tags?post=246288"}],"curies":[{"name":"wp","href":"https:\/\/api.w.org\/{rel}","templated":true}]}}