{"id":246322,"date":"2022-03-24T23:28:30","date_gmt":"2022-03-24T22:28:30","guid":{"rendered":"https:\/\/zjarr.tv\/?p=246322"},"modified":"2022-03-24T23:28:30","modified_gmt":"2022-03-24T22:28:30","slug":"agron-shehaj-nje-grup-i-vules-thote-e-dime-qe-nuk-fitojme-por-mund-te-prishim-pune","status":"publish","type":"post","link":"https:\/\/zjarr.tv\/en\/agron-shehaj-nje-grup-i-vules-thote-e-dime-qe-nuk-fitojme-por-mund-te-prishim-pune\/","title":{"rendered":"Agron Shehaj: Nj\u00eb grup i vul\u00ebs thot\u00eb \u201ce dim\u00eb q\u00eb nuk fitojm\u00eb, por mund t\u00eb prishim pun\u00eb\u201d"},"content":{"rendered":"<p>Deputeti demokrat Agron Shehaj ka komentuar zhvillimet e fundit n\u00eb Partin\u00eb Demokratike, teksa \u00ebsht\u00eb shprehur se PD \u00ebsht\u00eb e ndar\u00eb n\u00eb 2 grupime. <\/p>\n<p>Sipas tij, \u00ebsht\u00eb nj\u00eb grup i vog\u00ebl me 4-5 persona q\u00eb mbajn\u00eb vul\u00ebn edhe pse e din\u00eb q\u00eb nuk fitojn\u00eb, nd\u00ebrsa jan\u00eb edhe an\u00ebtar\u00ebt e tjer\u00eb t\u00eb Grupit Parlamentar, t\u00eb il\u00ebt jan\u00eb t\u00eb gatsh\u00ebm p\u00ebr bisedime. <\/p>\n<p>\u201cAty jan\u00eb krijuar dy grupime. N\u00ebse m\u00eb par\u00eb kishte an\u00ebtar\u00eb t\u00eb grupit q\u00eb mb\u00ebshtesnin Bash\u00ebn, tani kemi nj\u00eb grup t\u00eb vog\u00ebl q\u00eb \u00ebsht\u00eb grupi i vul\u00ebs, q\u00eb thon\u00eb: \u2018E dim\u00eb q\u00eb nuk kemi p\u00ebr t\u00eb fituar kurr\u00eb ama mund t\u2019ju prishim pun\u00eb\u2019.<\/p>\n<p> Jan\u00eb 4-5 vet\u00eb aty, dhe jan\u00eb\u00a0 nj\u00eb grup tjet\u00ebr shum\u00eb m\u00eb i madh,\u00a0 an\u00ebtar\u00ebt e grupit parlamentar q\u00eb thon\u00eb, ne jemi t\u00eb gatsh\u00ebm , ku ka shum\u00eb m\u00eb mund\u00ebsi p\u00ebr t\u00eb biseduar\u201d, tha Shehaj n\u00eb Opinion.<\/p>","protected":false},"excerpt":{"rendered":"<p>Deputeti demokrat Agron Shehaj ka komentuar zhvillimet e fundit n\u00eb Partin\u00eb Demokratike, teksa \u00ebsht\u00eb shprehur se PD \u00ebsht\u00eb e ndar\u00eb n\u00eb 2 grupime. Sipas tij, \u00ebsht\u00eb nj\u00eb grup i vog\u00ebl me 4-5 persona q\u00eb mbajn\u00eb vul\u00ebn edhe pse e din\u00eb q\u00eb nuk fitojn\u00eb, nd\u00ebrsa jan\u00eb edhe an\u00ebtar\u00ebt e tjer\u00eb t\u00eb Grupit Parlamentar, t\u00eb il\u00ebt jan\u00eb [&hellip;]<\/p>\n","protected":false},"author":2031,"featured_media":187809,"comment_status":"closed","ping_status":"closed","sticky":false,"template":"","format":"standard","meta":{"footnotes":""},"categories":[231],"tags":[],"class_list":{"0":"post-246322","1":"post","2":"type-post","3":"status-publish","4":"format-standard","5":"has-post-thumbnail","7":"category-lajme"},"_links":{"self":[{"href":"https:\/\/zjarr.tv\/en\/wp-json\/wp\/v2\/posts\/246322","targetHints":{"allow":["GET"]}}],"collection":[{"href":"https:\/\/zjarr.tv\/en\/wp-json\/wp\/v2\/posts"}],"about":[{"href":"https:\/\/zjarr.tv\/en\/wp-json\/wp\/v2\/types\/post"}],"author":[{"embeddable":true,"href":"https:\/\/zjarr.tv\/en\/wp-json\/wp\/v2\/users\/2031"}],"replies":[{"embeddable":true,"href":"https:\/\/zjarr.tv\/en\/wp-json\/wp\/v2\/comments?post=246322"}],"version-history":[{"count":0,"href":"https:\/\/zjarr.tv\/en\/wp-json\/wp\/v2\/posts\/246322\/revisions"}],"wp:featuredmedia":[{"embeddable":true,"href":"https:\/\/zjarr.tv\/en\/wp-json\/wp\/v2\/media\/187809"}],"wp:attachment":[{"href":"https:\/\/zjarr.tv\/en\/wp-json\/wp\/v2\/media?parent=246322"}],"wp:term":[{"taxonomy":"category","embeddable":true,"href":"https:\/\/zjarr.tv\/en\/wp-json\/wp\/v2\/categories?post=246322"},{"taxonomy":"post_tag","embeddable":true,"href":"https:\/\/zjarr.tv\/en\/wp-json\/wp\/v2\/tags?post=246322"}],"curies":[{"name":"wp","href":"https:\/\/api.w.org\/{rel}","templated":true}]}}