{"id":246518,"date":"2022-03-25T18:35:13","date_gmt":"2022-03-25T17:35:13","guid":{"rendered":"https:\/\/zjarr.tv\/?p=246518"},"modified":"2022-03-25T18:35:13","modified_gmt":"2022-03-25T17:35:13","slug":"alibeaj-ia-ben-te-qarte-berishes-bashkimi-i-demokrateve-ndodh-vetem-nese-dorehiqet-si-lulzim-basha","status":"publish","type":"post","link":"https:\/\/zjarr.tv\/en\/alibeaj-ia-ben-te-qarte-berishes-bashkimi-i-demokrateve-ndodh-vetem-nese-dorehiqet-si-lulzim-basha\/","title":{"rendered":"Alibeaj ia b\u00ebn t\u00eb qart\u00eb Berish\u00ebs: Bashkimi i demokrat\u00ebve ndodh vet\u00ebm n\u00ebse dor\u00ebhiqet si Lulzim Basha"},"content":{"rendered":"<p>Kryetari i Grupit Parlamentar t\u00eb Partis\u00eb Demokratike, Enkelejd Alibeaj, n\u00eb konferenc\u00ebn p\u00ebr media tha se gjat\u00eb takimit me Berish\u00ebn, ia kishte b\u00ebr\u00eb t\u00eb qart\u00eb ish-kryeministrit se bashkimi i demokrat\u00ebve ndodh vet\u00ebm n\u00ebse edhe ai jepte dor\u00ebheqjen.<\/p>\n<p>P\u00ebrsa i p\u00ebrket vendimit t\u00eb Gjykat\u00ebs, e cila certifikoi Kuvendin e 11 dhjetorit, Alibeaj tha se vendimi i sot\u00ebm nuk ndryshon asgj\u00eb, pasi nuk \u00ebhst\u00eb nj\u00eb vendim p\u00ebrfundimtar, teksa shtoi se PD do ta ankimoj\u00eb.<\/p>\n<p>\u201cP\u00ebr shkak dhe t\u00eb profesionit tim si juristi, kjo kultura e t\u00eb respektuarit t\u00eb ligjit, vendimi i sot\u00ebm nuk ndryshon asgj\u00eb rreth ekzistenc\u00ebs, relevanc\u00ebs s\u00eb institucioneve t\u00eb PD-s\u00eb. Kur gjykata t\u00eb flas\u00eb n\u00eb fund, pasi ne t\u00eb b\u00ebjm\u00eb ankimin p\u00ebrkat\u00ebs dhe bashk\u00eb me t\u00eb kall\u00ebzimin penal, institucionet e PD-s\u00eb jan\u00eb k\u00ebto q\u00eb jan\u00eb. Un\u00eb jam n\u00eb k\u00ebt\u00eb karrige si nj\u00eb nga n\u00ebnkryetar\u00ebt e PD-s\u00eb, si kryetar i grupit parlamentar dhe do t\u00eb respektoj deri n\u00eb fund vullnetin e demokrat\u00ebve t\u00eb mish\u00ebruar tek statuti. Un\u00eb besoj se isha i qart\u00eb n\u00eb q\u00ebndrimin politik. PD-ja, demokrat\u00ebt pas 30 viteve nuk mund t\u00eb synojn\u00eb jo vet\u00ebm p\u00ebr logjik\u00eb dhe p\u00ebr eksperienc\u00eb, dhe si nevoj\u00eb e koh\u00ebs t\u00eb synojn\u00eb t\u00eb ardhmen duke par\u00eb nga e shkuara. Nuk mund t\u00eb synojn\u00eb t\u00eb ardhmen duke pasur p\u00ebrball\u00eb, kund\u00ebr SHBA-t\u00eb dhe vlerat e demokracis\u00eb n\u00eb fakt.<\/p>\n<p>Besoj kemi qen\u00eb t\u00eb qart\u00eb, ajo q\u00eb \u00ebsht\u00eb oferta jon\u00eb, se cila \u00ebsht\u00eb rruga q\u00eb mund t\u00eb shkojm\u00eb drejt bashkimit. K\u00ebrkesa jon\u00eb ka qen\u00eb e qart\u00eb, grupi parlamentar, s\u00eb bashku me deputet\u00ebt e pezulluar t\u00eb mund t\u00eb diskutojm\u00eb p\u00ebr bashkimin. Bashkimi kalon nga nj\u00eb akt i vet\u00ebm, nj\u00eb akt simetrik, si\u00e7 ndodhi me zotin Basha, t\u00eb ndodh\u00eb dhe me zotin Berisha\u201d, deklaroi Alibeaj.<\/p>","protected":false},"excerpt":{"rendered":"<p>Kryetari i Grupit Parlamentar t\u00eb Partis\u00eb Demokratike, Enkelejd Alibeaj, n\u00eb konferenc\u00ebn p\u00ebr media tha se gjat\u00eb takimit me Berish\u00ebn, ia kishte b\u00ebr\u00eb t\u00eb qart\u00eb ish-kryeministrit se bashkimi i demokrat\u00ebve ndodh vet\u00ebm n\u00ebse edhe ai jepte dor\u00ebheqjen. P\u00ebrsa i p\u00ebrket vendimit t\u00eb Gjykat\u00ebs, e cila certifikoi Kuvendin e 11 dhjetorit, Alibeaj tha se vendimi i sot\u00ebm [&hellip;]<\/p>\n","protected":false},"author":2030,"featured_media":246495,"comment_status":"closed","ping_status":"closed","sticky":false,"template":"","format":"standard","meta":{"footnotes":""},"categories":[241,3366,5380,231,1454],"tags":[],"class_list":{"0":"post-246518","1":"post","2":"type-post","3":"status-publish","4":"format-standard","5":"has-post-thumbnail","7":"category-aktualitet","8":"category-koment","9":"category-kryesore","10":"category-lajme","11":"category-politike"},"_links":{"self":[{"href":"https:\/\/zjarr.tv\/en\/wp-json\/wp\/v2\/posts\/246518","targetHints":{"allow":["GET"]}}],"collection":[{"href":"https:\/\/zjarr.tv\/en\/wp-json\/wp\/v2\/posts"}],"about":[{"href":"https:\/\/zjarr.tv\/en\/wp-json\/wp\/v2\/types\/post"}],"author":[{"embeddable":true,"href":"https:\/\/zjarr.tv\/en\/wp-json\/wp\/v2\/users\/2030"}],"replies":[{"embeddable":true,"href":"https:\/\/zjarr.tv\/en\/wp-json\/wp\/v2\/comments?post=246518"}],"version-history":[{"count":0,"href":"https:\/\/zjarr.tv\/en\/wp-json\/wp\/v2\/posts\/246518\/revisions"}],"wp:featuredmedia":[{"embeddable":true,"href":"https:\/\/zjarr.tv\/en\/wp-json\/wp\/v2\/media\/246495"}],"wp:attachment":[{"href":"https:\/\/zjarr.tv\/en\/wp-json\/wp\/v2\/media?parent=246518"}],"wp:term":[{"taxonomy":"category","embeddable":true,"href":"https:\/\/zjarr.tv\/en\/wp-json\/wp\/v2\/categories?post=246518"},{"taxonomy":"post_tag","embeddable":true,"href":"https:\/\/zjarr.tv\/en\/wp-json\/wp\/v2\/tags?post=246518"}],"curies":[{"name":"wp","href":"https:\/\/api.w.org\/{rel}","templated":true}]}}