{"id":246529,"date":"2022-03-25T18:43:48","date_gmt":"2022-03-25T17:43:48","guid":{"rendered":"https:\/\/zjarr.tv\/?p=246529"},"modified":"2022-03-25T18:43:48","modified_gmt":"2022-03-25T17:43:48","slug":"i-buzeqeshur-krah-kreut-te-ldk-se-rama-zhvilluam-nje-bashkebisedim-shume-te-hapur-e-miqesor","status":"publish","type":"post","link":"https:\/\/zjarr.tv\/en\/i-buzeqeshur-krah-kreut-te-ldk-se-rama-zhvilluam-nje-bashkebisedim-shume-te-hapur-e-miqesor\/","title":{"rendered":"I buz\u00ebqeshur krah kreut t\u00eb LDK-s\u00eb, Rama: Zhvilluam nj\u00eb bashk\u00ebbisedim shum\u00eb t\u00eb hapur e miq\u00ebsor"},"content":{"rendered":"<p>Kryeministri Edi Rama dit\u00ebn e sotme ka zhvilluar nj\u00eb takim me kryetarin reformator t\u00eb LDK, Lumir Abdixhiku dhe delegacionin nga Prishtina.<\/p>\n<p>Rama ka postuar nj\u00eb foto ku shihet i buz\u00ebqeshur krah Abdixhiku, teksa shkruan se zhvilluan nj\u00eb bashk\u00ebbisedim shum\u00eb t\u00eb ahpur e miq\u00ebsor.<\/p>\n<p>\u201cMe k\u00ebnaq\u00ebsi zhvilluam sot nj\u00eb bashk\u00ebbisedim shum\u00eb t\u00eb hapur e miq\u00ebsor me kryetarin reformator t\u00eb LDK, Lumir Abdixhiku dhe delegacionin nga Prishtina\u201d shkruan Rama n\u00eb postimin e tij.<\/p>","protected":false},"excerpt":{"rendered":"<p>Kryeministri Edi Rama dit\u00ebn e sotme ka zhvilluar nj\u00eb takim me kryetarin reformator t\u00eb LDK, Lumir Abdixhiku dhe delegacionin nga Prishtina. Rama ka postuar nj\u00eb foto ku shihet i buz\u00ebqeshur krah Abdixhiku, teksa shkruan se zhvilluan nj\u00eb bashk\u00ebbisedim shum\u00eb t\u00eb ahpur e miq\u00ebsor. \u201cMe k\u00ebnaq\u00ebsi zhvilluam sot nj\u00eb bashk\u00ebbisedim shum\u00eb t\u00eb hapur e miq\u00ebsor me [&hellip;]<\/p>\n","protected":false},"author":2030,"featured_media":246530,"comment_status":"closed","ping_status":"closed","sticky":false,"template":"","format":"standard","meta":{"footnotes":""},"categories":[241,3366,5380,231,1454],"tags":[],"class_list":{"0":"post-246529","1":"post","2":"type-post","3":"status-publish","4":"format-standard","5":"has-post-thumbnail","7":"category-aktualitet","8":"category-koment","9":"category-kryesore","10":"category-lajme","11":"category-politike"},"_links":{"self":[{"href":"https:\/\/zjarr.tv\/en\/wp-json\/wp\/v2\/posts\/246529","targetHints":{"allow":["GET"]}}],"collection":[{"href":"https:\/\/zjarr.tv\/en\/wp-json\/wp\/v2\/posts"}],"about":[{"href":"https:\/\/zjarr.tv\/en\/wp-json\/wp\/v2\/types\/post"}],"author":[{"embeddable":true,"href":"https:\/\/zjarr.tv\/en\/wp-json\/wp\/v2\/users\/2030"}],"replies":[{"embeddable":true,"href":"https:\/\/zjarr.tv\/en\/wp-json\/wp\/v2\/comments?post=246529"}],"version-history":[{"count":0,"href":"https:\/\/zjarr.tv\/en\/wp-json\/wp\/v2\/posts\/246529\/revisions"}],"wp:featuredmedia":[{"embeddable":true,"href":"https:\/\/zjarr.tv\/en\/wp-json\/wp\/v2\/media\/246530"}],"wp:attachment":[{"href":"https:\/\/zjarr.tv\/en\/wp-json\/wp\/v2\/media?parent=246529"}],"wp:term":[{"taxonomy":"category","embeddable":true,"href":"https:\/\/zjarr.tv\/en\/wp-json\/wp\/v2\/categories?post=246529"},{"taxonomy":"post_tag","embeddable":true,"href":"https:\/\/zjarr.tv\/en\/wp-json\/wp\/v2\/tags?post=246529"}],"curies":[{"name":"wp","href":"https:\/\/api.w.org\/{rel}","templated":true}]}}