{"id":247034,"date":"2022-03-28T10:05:51","date_gmt":"2022-03-28T08:05:51","guid":{"rendered":"https:\/\/zjarr.tv\/?p=247034"},"modified":"2022-03-28T10:05:51","modified_gmt":"2022-03-28T08:05:51","slug":"ndezen-zjarre-me-qellim-hapjen-e-kullotave-arrestohen-3-persona-ne-mallakaster-orikum-dhe-tirane","status":"publish","type":"post","link":"https:\/\/zjarr.tv\/en\/ndezen-zjarre-me-qellim-hapjen-e-kullotave-arrestohen-3-persona-ne-mallakaster-orikum-dhe-tirane\/","title":{"rendered":"Ndez\u00ebn zjarre me q\u00ebllim hapjen e kullotave, arrestohen 3 persona n\u00eb Mallakast\u00ebr, Orikum dhe Tiran\u00eb"},"content":{"rendered":"<p>Policia ka arrestuar 3 persona n\u00eb Mallakast\u00ebr, Orikum dhe Tiran\u00eb, pasi ndez\u00ebn zjarre p\u00ebr t\u00eb hapur kullotat.<\/p>\n<p>N\u00eb Mallakast\u00ebr \u00ebsht\u00eb v\u00ebn\u00eb n\u00eb pranga Gj. Sh., 36 vje\u00e7, pasi dyshohet se ka ndezur zjarr n\u00eb pron\u00ebn e tij n\u00eb fshatin Hekal, dhe si pasoj\u00eb e p\u00ebrhapjes s\u00eb flak\u00ebve \u00ebsht\u00eb djegur nj\u00eb sip\u00ebrfaqe toke (kullot\u00eb).<\/p>\n<p>\u201cSpecialist\u00ebt p\u00ebr Hetimin e Krimit n\u00eb Komisariatin e Policis\u00eb Mallakast\u00ebr, n\u00eb vijim t\u00eb pun\u00ebs p\u00ebr identifikimin dhe v\u00ebnien p\u00ebrpara p\u00ebrgjegj\u00ebsis\u00eb ligjore t\u00eb autor\u00ebve t\u00eb zjarrv\u00ebnieve, proceduan penalisht shtetasin Gj. Sh., 36 vje\u00e7, pasi dyshohet se ka ndezur zjarr n\u00eb pron\u00ebn e tij n\u00eb fshatin Hekal, dhe si pasoj\u00eb e p\u00ebrhapjes s\u00eb flak\u00ebve \u00ebsht\u00eb djegur nj\u00eb sip\u00ebrfaqe toke (kullot\u00eb)\u201d, njofton policia.<\/p>\n<p>N\u00eb Orikum \u00ebhst\u00eb arrestuar 57 vje\u00e7ari L. H., 57 vje\u00e7, banues n\u00eb Orikum, p\u00ebr vepr\u00ebn penale \u201cShkat\u00ebrrimi i pron\u00ebs me zjarr\u201d. <\/p>\n<p>\u201cSpecialist\u00ebt p\u00ebr Hetimin e Krimeve n\u00eb Stacionin e Policis\u00eb Orikum, n\u00eb vijim t\u00eb pun\u00ebs p\u00ebr identifikimin dhe v\u00ebnien p\u00ebrpara p\u00ebrgjegj\u00ebsis\u00eb ligjore t\u00eb autor\u00ebve t\u00eb zjarrv\u00ebnieve, b\u00ebn\u00eb arrestimin n\u00eb flagranc\u00eb t\u00eb shtetasit: <\/p>\n<p>\u2013 L. H., 57 vje\u00e7, banues n\u00eb Orikum, p\u00ebr vepr\u00ebn penale \u201cShkat\u00ebrrimi i pron\u00ebs me zjarr\u201d. <\/p>\n<p>Ky shtetas ka ndezur zjarr n\u00eb vendin e quajtur \u201cIsh-grumbullimi\u201d, n\u00eb Orikum, dhe si pasoj\u00eb e p\u00ebrhapjes s\u00eb flak\u00ebve \u00ebsht\u00eb djegur nj\u00eb sip\u00ebrfaqe toke me shkurre dhe bim\u00eb t\u00eb egra\u201d, raporton policia.   <\/p>\n<p>Nd\u00ebrkoh\u00eb, n\u00eb Tiran\u00eb \u00ebsht\u00eb v\u00ebn\u00eb n\u00eb pranga \u2013 D. S., 60 vje\u00e7, p\u00ebr veprat penale \u201cShkat\u00ebrrimi i pron\u00ebs me zjarr\u201d dhe \u201cShkat\u00ebrrimi nga pakujdesia me zjarr i pyjeve dhe i mjedisit pyjor\u201d.<\/p>\n<p>Ky shtetas dyshohet se n\u00eb fshatin Maknor, n\u00eb lagjen \u201cUllishte\u201d, ka ndezur zjarr dhe si pasoj\u00eb zjarri ka dal\u00eb nga kontrolli duke djegur nj\u00eb sip\u00ebrfaqe toke t\u00eb pyllit t\u00eb Maknorit.<\/p>\n<p>\u201cSpecialist\u00ebt p\u00ebr Hetimin e Krimeve n\u00eb Komisariatin e Policis\u00eb Nr. 6, n\u00eb vijim t\u00eb pun\u00ebs p\u00ebr zbulimin dhe v\u00ebnien p\u00ebrpara p\u00ebrgjegj\u00ebsis\u00eb ligjore t\u00eb autor\u00ebve t\u00eb zjarrv\u00ebnieve, b\u00ebn\u00eb arrestimin n\u00eb flagranc\u00eb t\u00eb shtetasit:<\/p>\n<p>\u2013 D. S., 60 vje\u00e7, p\u00ebr veprat penale \u201cShkat\u00ebrrimi i pron\u00ebs me zjarr\u201d dhe \u201cShkat\u00ebrrimi nga pakujdesia me zjarr i pyjeve dhe i mjedisit pyjor\u201d.<\/p>\n<p>Ky shtetas dyshohet se n\u00eb fshatin Maknor, n\u00eb lagjen \u201cUllishte\u201d, ka ndezur zjarr dhe si pasoj\u00eb zjarri ka dal\u00eb nga kontrolli duke djegur nj\u00eb sip\u00ebrfaqe toke t\u00eb pyllit t\u00eb Maknorit\u201d, thuhet n\u00eb njoftimin e Policis\u00eb.<\/p>","protected":false},"excerpt":{"rendered":"<p>Policia ka arrestuar 3 persona n\u00eb Mallakast\u00ebr, Orikum dhe Tiran\u00eb, pasi ndez\u00ebn zjarre p\u00ebr t\u00eb hapur kullotat. N\u00eb Mallakast\u00ebr \u00ebsht\u00eb v\u00ebn\u00eb n\u00eb pranga Gj. Sh., 36 vje\u00e7, pasi dyshohet se ka ndezur zjarr n\u00eb pron\u00ebn e tij n\u00eb fshatin Hekal, dhe si pasoj\u00eb e p\u00ebrhapjes s\u00eb flak\u00ebve \u00ebsht\u00eb djegur nj\u00eb sip\u00ebrfaqe toke (kullot\u00eb). \u201cSpecialist\u00ebt p\u00ebr [&hellip;]<\/p>\n","protected":false},"author":2031,"featured_media":154697,"comment_status":"closed","ping_status":"closed","sticky":false,"template":"","format":"standard","meta":{"footnotes":""},"categories":[231],"tags":[],"class_list":{"0":"post-247034","1":"post","2":"type-post","3":"status-publish","4":"format-standard","5":"has-post-thumbnail","7":"category-lajme"},"_links":{"self":[{"href":"https:\/\/zjarr.tv\/en\/wp-json\/wp\/v2\/posts\/247034","targetHints":{"allow":["GET"]}}],"collection":[{"href":"https:\/\/zjarr.tv\/en\/wp-json\/wp\/v2\/posts"}],"about":[{"href":"https:\/\/zjarr.tv\/en\/wp-json\/wp\/v2\/types\/post"}],"author":[{"embeddable":true,"href":"https:\/\/zjarr.tv\/en\/wp-json\/wp\/v2\/users\/2031"}],"replies":[{"embeddable":true,"href":"https:\/\/zjarr.tv\/en\/wp-json\/wp\/v2\/comments?post=247034"}],"version-history":[{"count":0,"href":"https:\/\/zjarr.tv\/en\/wp-json\/wp\/v2\/posts\/247034\/revisions"}],"wp:featuredmedia":[{"embeddable":true,"href":"https:\/\/zjarr.tv\/en\/wp-json\/wp\/v2\/media\/154697"}],"wp:attachment":[{"href":"https:\/\/zjarr.tv\/en\/wp-json\/wp\/v2\/media?parent=247034"}],"wp:term":[{"taxonomy":"category","embeddable":true,"href":"https:\/\/zjarr.tv\/en\/wp-json\/wp\/v2\/categories?post=247034"},{"taxonomy":"post_tag","embeddable":true,"href":"https:\/\/zjarr.tv\/en\/wp-json\/wp\/v2\/tags?post=247034"}],"curies":[{"name":"wp","href":"https:\/\/api.w.org\/{rel}","templated":true}]}}