{"id":247039,"date":"2022-03-28T10:26:16","date_gmt":"2022-03-28T08:26:16","guid":{"rendered":"https:\/\/zjarr.tv\/?p=247039"},"modified":"2022-03-28T10:26:16","modified_gmt":"2022-03-28T08:26:16","slug":"ambasadorja-yuri-kim-jep-lajmin-e-mire-zgjatet-vlefshmeria-e-vizave-ne-shba-per-qytetaret-shqiptare","status":"publish","type":"post","link":"https:\/\/zjarr.tv\/en\/ambasadorja-yuri-kim-jep-lajmin-e-mire-zgjatet-vlefshmeria-e-vizave-ne-shba-per-qytetaret-shqiptare\/","title":{"rendered":"Ambasadorja Yuri Kim jep lajmin e mir\u00eb: Zgjatet vlefshm\u00ebria e vizave n\u00eb SHBA p\u00ebr qytetar\u00ebt shqiptar\u00eb"},"content":{"rendered":"<p>Ambasadorja amerikane Yuri Kim ka njoftuar se duke filluar nga 1 Prilli, do t\u00eb zgjatet vlefshm\u00ebria p\u00ebr vizat turistike dhe p\u00ebr biznes n\u00eb SHBA p\u00ebr qytetar\u00ebt shqiptar\u00eb.<\/p>\n<p>Ajo shprehet se ky \u00ebsht\u00eb nj\u00eb hap i madh p\u00ebrpara p\u00ebr t\u00eb afruar njer\u00ebzit e SHBA-s\u00eb dhe Shqip\u00ebris\u00eb n\u00eb k\u00ebt\u00eb 100 vjetor t\u00eb marr\u00ebdh\u00ebnieve mes vendit ton\u00eb dhe Amerik\u00ebs.<\/p>\n<p>\u201cDuke filluar nga 1 Prilli, vizat biznesore dhe turistike t\u00eb Shteteve t\u00eb Bashkuara p\u00ebr qytetar\u00ebt shqiptar\u00eb do t\u00eb jen\u00eb t\u00eb vlefshme p\u00ebr udh\u00ebtim p\u00ebr 10 vjet (nga 3 vjet q\u00eb jan\u00eb aktualisht), q\u00eb \u00ebsht\u00eb maksimumi n\u00eb mbar\u00eb bot\u00ebn. Nj\u00eb hap i madh p\u00ebrpara p\u00ebr t\u00eb afruar njer\u00ebzit e Shteteve t\u00eb Bashkuara dhe Shqip\u00ebris\u00eb. Shpresojm\u00eb q\u00eb t\u00eb vijn\u00eb m\u00eb shum\u00eb n\u00eb vitet n\u00eb vijim\u201d, shprehet ambasadorja.<\/p>","protected":false},"excerpt":{"rendered":"<p>Ambasadorja amerikane Yuri Kim ka njoftuar se duke filluar nga 1 Prilli, do t\u00eb zgjatet vlefshm\u00ebria p\u00ebr vizat turistike dhe p\u00ebr biznes n\u00eb SHBA p\u00ebr qytetar\u00ebt shqiptar\u00eb. Ajo shprehet se ky \u00ebsht\u00eb nj\u00eb hap i madh p\u00ebrpara p\u00ebr t\u00eb afruar njer\u00ebzit e SHBA-s\u00eb dhe Shqip\u00ebris\u00eb n\u00eb k\u00ebt\u00eb 100 vjetor t\u00eb marr\u00ebdh\u00ebnieve mes vendit ton\u00eb dhe [&hellip;]<\/p>\n","protected":false},"author":2031,"featured_media":158919,"comment_status":"closed","ping_status":"closed","sticky":false,"template":"","format":"standard","meta":{"footnotes":""},"categories":[231],"tags":[],"class_list":{"0":"post-247039","1":"post","2":"type-post","3":"status-publish","4":"format-standard","5":"has-post-thumbnail","7":"category-lajme"},"_links":{"self":[{"href":"https:\/\/zjarr.tv\/en\/wp-json\/wp\/v2\/posts\/247039","targetHints":{"allow":["GET"]}}],"collection":[{"href":"https:\/\/zjarr.tv\/en\/wp-json\/wp\/v2\/posts"}],"about":[{"href":"https:\/\/zjarr.tv\/en\/wp-json\/wp\/v2\/types\/post"}],"author":[{"embeddable":true,"href":"https:\/\/zjarr.tv\/en\/wp-json\/wp\/v2\/users\/2031"}],"replies":[{"embeddable":true,"href":"https:\/\/zjarr.tv\/en\/wp-json\/wp\/v2\/comments?post=247039"}],"version-history":[{"count":0,"href":"https:\/\/zjarr.tv\/en\/wp-json\/wp\/v2\/posts\/247039\/revisions"}],"wp:featuredmedia":[{"embeddable":true,"href":"https:\/\/zjarr.tv\/en\/wp-json\/wp\/v2\/media\/158919"}],"wp:attachment":[{"href":"https:\/\/zjarr.tv\/en\/wp-json\/wp\/v2\/media?parent=247039"}],"wp:term":[{"taxonomy":"category","embeddable":true,"href":"https:\/\/zjarr.tv\/en\/wp-json\/wp\/v2\/categories?post=247039"},{"taxonomy":"post_tag","embeddable":true,"href":"https:\/\/zjarr.tv\/en\/wp-json\/wp\/v2\/tags?post=247039"}],"curies":[{"name":"wp","href":"https:\/\/api.w.org\/{rel}","templated":true}]}}