{"id":247043,"date":"2022-03-28T10:39:22","date_gmt":"2022-03-28T08:39:22","guid":{"rendered":"https:\/\/zjarr.tv\/?p=247043"},"modified":"2022-03-28T10:39:22","modified_gmt":"2022-03-28T08:39:22","slug":"jorida-tabaku-zbardh-kallezimin-ne-spak-akuzohen-edi-rama-kryetaret-e-bashkive-engjell-agaci-dhe-ministrat-gjiknuri-e-ahmetaj","status":"publish","type":"post","link":"https:\/\/zjarr.tv\/en\/jorida-tabaku-zbardh-kallezimin-ne-spak-akuzohen-edi-rama-kryetaret-e-bashkive-engjell-agaci-dhe-ministrat-gjiknuri-e-ahmetaj\/","title":{"rendered":"Jorida Tabaku zbardh kall\u00ebzimin n\u00eb SPAK: Akuzohen Edi Rama, kryetar\u00ebt e bashkive, Engj\u00ebll Aga\u00e7i dhe ministrat Gjiknuri e Ahmetaj"},"content":{"rendered":"<p>Jorida Tabaku, kryetare e Komisionit t\u00eb Incenerator\u00ebve, ka zbardhur kall\u00ebzimin penal q\u00eb ka depozituar n\u00eb Prokurorin\u00eb Speciale SPAK. P\u00ebr at\u00eb q\u00eb demokrat\u00ebt e quajn\u00eb \u201cafera 430 milion\u00eb euro me mbetjet\u201d, akuzohen kryeministri Rama, kryetar\u00ebt e bashkive Tiran\u00eb, Fier dhe Durr\u00ebs, ministrat Gjiknuri e Ahmetaj, etj, etj.<\/p>\n<p>\u201cPas nj\u00eb beteje mbi 3 muaj n\u00eb Komisionin Hetimor t\u00eb incenerator\u00ebve p\u00ebr t\u00eb zbardhur t\u00eb v\u00ebrtet\u00ebn e afer\u00ebs korruptive 430 mln euro nga nj\u00eb grup i strukturuar kriminal kemi d\u00ebrguar n\u00eb SPAK 7 padi ndaj: Erion Veliaj, Emiriana Sako, Alqi Bllako, Damian Gjiknuri, Arben Ahmetaj, \u00cbngj\u00ebll Aga\u00e7i dhe Armando Subashi.<\/p>\n<p>Partia Demokratike shkroi nj\u00eb raport 120 faqe q\u00eb p\u00ebr fatin e keq nuk u  votua n\u00eb Kuvend por q\u00eb gjithsesi u d\u00ebrgua n\u00eb SPAK p\u00ebrmes nj\u00eb padie 90 faqe ku p\u00ebrfshiheshin 112 prova q\u00eb tregojn\u00eb se si 50 t\u00eb akuzuar p\u00ebrfshir\u00eb Edi Ram\u00ebn n\u00eb krye kan\u00eb punuar p\u00ebr t\u00eb abuzuar me parat\u00eb e shqiptar\u00ebve.<\/p>\n<p>K\u00ebrkesa q\u00eb i kemi d\u00ebrguar SPAK \u00ebsht\u00eb as m\u00eb shum\u00eb e as m\u00eb pak se sa vazhdimi i zotimit p\u00ebr t\u2019i shkuar deri n\u00eb fund k\u00ebsaj afere.  Do t\u00eb vazhdojm\u00eb t\u00eb k\u00ebmb\u00ebngulim deri n\u00eb daljen p\u00ebrpara drejt\u00ebsis\u00eb p\u00ebr Afer\u00ebn e Shekullit. Edhe  n\u00eb k\u00ebt\u00eb koh\u00eb krize dhe inflacioni t\u00eb lart\u00eb taksat e shqiptar\u00ebve paguajn\u00eb edhe m\u00eb shtrenjt\u00eb inceneratorin e Tiran\u00ebs\u201d, shkruan Jorida Tabaku dhe publikon k\u00ebrkes\u00ebn d\u00ebrguar SPAK.<\/p>","protected":false},"excerpt":{"rendered":"<p>Jorida Tabaku, kryetare e Komisionit t\u00eb Incenerator\u00ebve, ka zbardhur kall\u00ebzimin penal q\u00eb ka depozituar n\u00eb Prokurorin\u00eb Speciale SPAK. P\u00ebr at\u00eb q\u00eb demokrat\u00ebt e quajn\u00eb \u201cafera 430 milion\u00eb euro me mbetjet\u201d, akuzohen kryeministri Rama, kryetar\u00ebt e bashkive Tiran\u00eb, Fier dhe Durr\u00ebs, ministrat Gjiknuri e Ahmetaj, etj, etj. \u201cPas nj\u00eb beteje mbi 3 muaj n\u00eb Komisionin Hetimor [&hellip;]<\/p>\n","protected":false},"author":2031,"featured_media":146248,"comment_status":"closed","ping_status":"closed","sticky":false,"template":"","format":"standard","meta":{"footnotes":""},"categories":[231],"tags":[],"class_list":{"0":"post-247043","1":"post","2":"type-post","3":"status-publish","4":"format-standard","5":"has-post-thumbnail","7":"category-lajme"},"_links":{"self":[{"href":"https:\/\/zjarr.tv\/en\/wp-json\/wp\/v2\/posts\/247043","targetHints":{"allow":["GET"]}}],"collection":[{"href":"https:\/\/zjarr.tv\/en\/wp-json\/wp\/v2\/posts"}],"about":[{"href":"https:\/\/zjarr.tv\/en\/wp-json\/wp\/v2\/types\/post"}],"author":[{"embeddable":true,"href":"https:\/\/zjarr.tv\/en\/wp-json\/wp\/v2\/users\/2031"}],"replies":[{"embeddable":true,"href":"https:\/\/zjarr.tv\/en\/wp-json\/wp\/v2\/comments?post=247043"}],"version-history":[{"count":0,"href":"https:\/\/zjarr.tv\/en\/wp-json\/wp\/v2\/posts\/247043\/revisions"}],"wp:featuredmedia":[{"embeddable":true,"href":"https:\/\/zjarr.tv\/en\/wp-json\/wp\/v2\/media\/146248"}],"wp:attachment":[{"href":"https:\/\/zjarr.tv\/en\/wp-json\/wp\/v2\/media?parent=247043"}],"wp:term":[{"taxonomy":"category","embeddable":true,"href":"https:\/\/zjarr.tv\/en\/wp-json\/wp\/v2\/categories?post=247043"},{"taxonomy":"post_tag","embeddable":true,"href":"https:\/\/zjarr.tv\/en\/wp-json\/wp\/v2\/tags?post=247043"}],"curies":[{"name":"wp","href":"https:\/\/api.w.org\/{rel}","templated":true}]}}