{"id":247046,"date":"2022-03-28T11:06:50","date_gmt":"2022-03-28T09:06:50","guid":{"rendered":"https:\/\/zjarr.tv\/?p=247046"},"modified":"2022-03-28T11:06:50","modified_gmt":"2022-03-28T09:06:50","slug":"amerikanizmi-streha-e-parafundit","status":"publish","type":"post","link":"https:\/\/zjarr.tv\/en\/amerikanizmi-streha-e-parafundit\/","title":{"rendered":"\u201cAmerikanizmi\u201d, streha e parafundit!"},"content":{"rendered":"<p>Nga Edi Oga<\/p>\n<p>Partia Demokratike, e ka humbur me koh\u00eb busull\u00ebn e saj ideologjike identitare, pavar\u00ebsisht retorikave hipokrite elektorale t\u00eb politikan\u00ebve t\u00eb saj t\u00eb nivelit t\u00eb lart\u00eb. Edhe m\u00eb keq akoma i ka ndodhur Partis\u00eb Socialiste; qeverisja q\u00eb ajo prodhon kur \u00ebsht\u00eb n\u00eb pushtet, nuk lidhet fare me parimet dhe ideologjin\u00eb e saj. N\u00eb vend t\u00eb p\u00ebrkujdesjes p\u00ebr shtresat m\u00eb t\u00eb varfra, e majta kontribuon p\u00ebr shtimin e numrit t\u00eb tyre. (Semi cit. Indro Montanelli).<\/p>\n<p>Partit\u00eb politike n\u00eb Shqip\u00ebri, sot udh\u00ebhiqen vet\u00ebm nga nj\u00eb parim; ai i ushtrimit t\u00eb pushtetit t\u00eb shumic\u00ebs, n\u00eb funksion t\u00eb pasurimit proporcional t\u00eb kontribuesve t\u00eb partis\u00eb, me nj\u00eb skem\u00eb t\u00eb ngjashme si aksioner\u00ebt e nj\u00eb biznesi.<\/p>\n<p>Q\u00eb kur ish-lideri historik i Partis\u00eb Demokratike u zgjua me p\u00ebrdhun\u00eb nga \u201cletargjia\u201d, n\u00ebp\u00ebrmjet shpalljes s\u00eb tij \u201cnon-grata\u201d nga Departamenti Amerikan i Shtetit, diskursi politik i partive, kryesisht ai i Partis\u00eb Demokratike, duket t\u00ebr\u00ebsisht i kusht\u00ebzuar nga nj\u00eb term i ri ideologjik, m\u00eb sakt\u00eb nga dy t\u00eb till\u00eb me t\u00eb njejt\u00ebn rr\u00ebnj\u00eb por me ngarkes\u00eb dramatikisht t\u00eb kund\u00ebrt, \u201cproamerikanizmi\u201d dhe \u201cantiamerikanizmi\u201d. Nuk \u00ebsht\u00eb e nevojshm\u00eb t\u00eb jesh polititolog apo gjitholog p\u00ebr t\u00eb kuptuar spekulimin dhe abuzimin q\u00eb liderat \u201crehatiprishur\u201d shqiptar\u00eb po i b\u00ebjn\u00eb k\u00ebtyre termave p\u00ebr interesat e tyre imediate personale politike.<\/p>\n<p>N\u00eb k\u00ebt\u00eb drit\u00eb, t\u00eb gjith\u00eb jan\u00eb t\u00eb aft\u00eb t\u00eb kuptojn\u00eb se pavar\u00ebsisht \u00e7far\u00eb vjen nga Amerika si mb\u00ebshtetje apo ndalim p\u00ebr liderat politik\u00eb, askush n\u00eb k\u00ebt\u00eb vend nuk mund t\u00eb vendos\u00eb n\u00eb baz\u00eb t\u00eb ideologjis\u00eb s\u00eb nj\u00eb partie politike q\u00eb udh\u00ebheq, \u201cproamerikaniz\u00ebm\u201d, rasi i L.B., apo \u201cantiamerikaniz\u00ebm\u201d, rasti i S.B. P\u00ebr fatin ton\u00eb t\u00eb mir\u00eb, ndjesia jon\u00eb si popull n\u00eb drejtim t\u00eb Amerik\u00ebs \u00ebsht\u00eb nj\u00eb konstante q\u00eb nuk ndryshon n\u00eb vite, aq m\u00eb pak nga tam-tamet e politikan\u00ebve t\u00eb shp\u00eblar\u00eb dhe t\u00eb konsumuar q\u00eb duan ta p\u00ebrdorin at\u00eb. Shqip\u00ebria \u00ebsht\u00eb vendi m\u00eb pro-amerikan n\u00eb Bot\u00eb, p\u00ebrsa koh\u00eb ne i kemi besuar asaj t\u00eb t\u00ebr\u00eb sigurin\u00eb e ekzistenc\u00ebs son\u00eb si shtet dhe si komb. Shtoi k\u00ebsaj dhe faktin q\u00eb Amerika \u00ebsht\u00eb shembulli i pandryshuar i prosperitetit, i demokracis\u00eb dhe i ruajtjes s\u00eb lirive dhe t\u00eb t\u00eb drejtave t\u00eb njeriut.<\/p>\n<p>P\u00ebrpjekjet e liderave humb\u00ebs p\u00ebr t\u00eb fituar kapital politik duke p\u00ebrdorur ndjesit\u00eb publike ndaj \u201camerik\u00ebs\u201d jan\u00eb hipokrite deri n\u00eb qesharake. Madje edhe servilizmi me zell t\u00eb tepruar i pushtetar\u00ebve q\u00eb qeverisin, p\u00ebr ta p\u00ebrdorur \u201camerikanizmin\u201d n\u00eb \u201c\u00e7imentimin\u201d e pushtetit aktual, nuk u b\u00ebn atyre aspak, nder,<\/p>\n<p>N\u00ebse do t\u2019i vendosnim nj\u00eb \u201cbisht\u201d shprehjes \u201cNacionalizmi \u00ebsht\u00eb streha e fundit e maskarenjve\u201d, me t\u00eb njejtin kut gjykimi mund t\u00eb thonim q\u00eb \u201camerikanizmi\u201d \u00ebsht\u00eb streha e parafundit.<\/p>","protected":false},"excerpt":{"rendered":"<p>Nga Edi Oga Partia Demokratike, e ka humbur me koh\u00eb busull\u00ebn e saj ideologjike identitare, pavar\u00ebsisht retorikave hipokrite elektorale t\u00eb politikan\u00ebve t\u00eb saj t\u00eb nivelit t\u00eb lart\u00eb. Edhe m\u00eb keq akoma i ka ndodhur Partis\u00eb Socialiste; qeverisja q\u00eb ajo prodhon kur \u00ebsht\u00eb n\u00eb pushtet, nuk lidhet fare me parimet dhe ideologjin\u00eb e saj. N\u00eb vend [&hellip;]<\/p>\n","protected":false},"author":2031,"featured_media":185664,"comment_status":"closed","ping_status":"closed","sticky":false,"template":"","format":"standard","meta":{"footnotes":""},"categories":[1],"tags":[],"class_list":{"0":"post-247046","1":"post","2":"type-post","3":"status-publish","4":"format-standard","5":"has-post-thumbnail","7":"category-uncategorized-sq"},"_links":{"self":[{"href":"https:\/\/zjarr.tv\/en\/wp-json\/wp\/v2\/posts\/247046","targetHints":{"allow":["GET"]}}],"collection":[{"href":"https:\/\/zjarr.tv\/en\/wp-json\/wp\/v2\/posts"}],"about":[{"href":"https:\/\/zjarr.tv\/en\/wp-json\/wp\/v2\/types\/post"}],"author":[{"embeddable":true,"href":"https:\/\/zjarr.tv\/en\/wp-json\/wp\/v2\/users\/2031"}],"replies":[{"embeddable":true,"href":"https:\/\/zjarr.tv\/en\/wp-json\/wp\/v2\/comments?post=247046"}],"version-history":[{"count":0,"href":"https:\/\/zjarr.tv\/en\/wp-json\/wp\/v2\/posts\/247046\/revisions"}],"wp:featuredmedia":[{"embeddable":true,"href":"https:\/\/zjarr.tv\/en\/wp-json\/wp\/v2\/media\/185664"}],"wp:attachment":[{"href":"https:\/\/zjarr.tv\/en\/wp-json\/wp\/v2\/media?parent=247046"}],"wp:term":[{"taxonomy":"category","embeddable":true,"href":"https:\/\/zjarr.tv\/en\/wp-json\/wp\/v2\/categories?post=247046"},{"taxonomy":"post_tag","embeddable":true,"href":"https:\/\/zjarr.tv\/en\/wp-json\/wp\/v2\/tags?post=247046"}],"curies":[{"name":"wp","href":"https:\/\/api.w.org\/{rel}","templated":true}]}}