{"id":247050,"date":"2022-03-28T11:27:14","date_gmt":"2022-03-28T09:27:14","guid":{"rendered":"https:\/\/zjarr.tv\/?p=247050"},"modified":"2022-03-28T11:27:14","modified_gmt":"2022-03-28T09:27:14","slug":"kryeministri-rama-mbledh-grupin-parlamentar-te-ps-se-ja-cfare-u-diskutua","status":"publish","type":"post","link":"https:\/\/zjarr.tv\/en\/kryeministri-rama-mbledh-grupin-parlamentar-te-ps-se-ja-cfare-u-diskutua\/","title":{"rendered":"Kryeministri Rama mbledh Grupin Parlamentar t\u00eb PS-s\u00eb, ja \u00e7far\u00eb u diskutua"},"content":{"rendered":"<p>M\u00ebngjesin e sot\u00ebm n\u00eb Kryesin\u00eb e Kuvendit \u00ebsht\u00eb mbledhur Grupi Parlamentar i Partis\u00eb Socialiste, ku i pranish\u00ebm ka qen\u00eb edhe kryeministri Edi Rama.<\/p>\n<p>Burime p\u00ebr mediat b\u00ebjn\u00eb me dije se n\u00eb mbledhje \u00ebsht\u00eb diskutuar n\u00eb lidhje me inspektimet e b\u00ebra n\u00eb terren n\u00eb lidhje me rritjen e \u00e7mimeve.<\/p>\n<p>N\u00eb 9 prill socialist\u00ebt do t\u00eb mbajn\u00eb Kongresin, ku pritet q\u00eb t\u00eb ket\u00eb edhe disa l\u00ebvizje ministrash, pasi Rama \u00ebsht\u00eb i pak\u00ebnaqur me pun\u00ebn e tyre.<\/p>","protected":false},"excerpt":{"rendered":"<p>M\u00ebngjesin e sot\u00ebm n\u00eb Kryesin\u00eb e Kuvendit \u00ebsht\u00eb mbledhur Grupi Parlamentar i Partis\u00eb Socialiste, ku i pranish\u00ebm ka qen\u00eb edhe kryeministri Edi Rama. Burime p\u00ebr mediat b\u00ebjn\u00eb me dije se n\u00eb mbledhje \u00ebsht\u00eb diskutuar n\u00eb lidhje me inspektimet e b\u00ebra n\u00eb terren n\u00eb lidhje me rritjen e \u00e7mimeve. N\u00eb 9 prill socialist\u00ebt do t\u00eb mbajn\u00eb [&hellip;]<\/p>\n","protected":false},"author":2030,"featured_media":247051,"comment_status":"closed","ping_status":"closed","sticky":false,"template":"","format":"standard","meta":{"footnotes":""},"categories":[241,3366,5380,231,1454],"tags":[],"class_list":{"0":"post-247050","1":"post","2":"type-post","3":"status-publish","4":"format-standard","5":"has-post-thumbnail","7":"category-aktualitet","8":"category-koment","9":"category-kryesore","10":"category-lajme","11":"category-politike"},"_links":{"self":[{"href":"https:\/\/zjarr.tv\/en\/wp-json\/wp\/v2\/posts\/247050","targetHints":{"allow":["GET"]}}],"collection":[{"href":"https:\/\/zjarr.tv\/en\/wp-json\/wp\/v2\/posts"}],"about":[{"href":"https:\/\/zjarr.tv\/en\/wp-json\/wp\/v2\/types\/post"}],"author":[{"embeddable":true,"href":"https:\/\/zjarr.tv\/en\/wp-json\/wp\/v2\/users\/2030"}],"replies":[{"embeddable":true,"href":"https:\/\/zjarr.tv\/en\/wp-json\/wp\/v2\/comments?post=247050"}],"version-history":[{"count":0,"href":"https:\/\/zjarr.tv\/en\/wp-json\/wp\/v2\/posts\/247050\/revisions"}],"wp:featuredmedia":[{"embeddable":true,"href":"https:\/\/zjarr.tv\/en\/wp-json\/wp\/v2\/media\/247051"}],"wp:attachment":[{"href":"https:\/\/zjarr.tv\/en\/wp-json\/wp\/v2\/media?parent=247050"}],"wp:term":[{"taxonomy":"category","embeddable":true,"href":"https:\/\/zjarr.tv\/en\/wp-json\/wp\/v2\/categories?post=247050"},{"taxonomy":"post_tag","embeddable":true,"href":"https:\/\/zjarr.tv\/en\/wp-json\/wp\/v2\/tags?post=247050"}],"curies":[{"name":"wp","href":"https:\/\/api.w.org\/{rel}","templated":true}]}}