{"id":247054,"date":"2022-03-28T11:28:50","date_gmt":"2022-03-28T09:28:50","guid":{"rendered":"https:\/\/zjarr.tv\/?p=247054"},"modified":"2022-03-28T11:28:50","modified_gmt":"2022-03-28T09:28:50","slug":"zjarri-ne-komisariatin-e-kamzes-reagon-komisioni-i-rithemelimit-pergjegjesine-e-ka-ministria-e-brendshme-pse-nuk-u-mbyllen-dhomat-e-izolimit","status":"publish","type":"post","link":"https:\/\/zjarr.tv\/en\/zjarri-ne-komisariatin-e-kamzes-reagon-komisioni-i-rithemelimit-pergjegjesine-e-ka-ministria-e-brendshme-pse-nuk-u-mbyllen-dhomat-e-izolimit\/","title":{"rendered":"Zjarri n\u00eb Komisariatin e Kamz\u00ebs, reagon Komisioni i Rithemelimit: P\u00ebrgjegj\u00ebsin\u00eb e ka Ministria e Brendshme, pse nuk u mbyll\u00ebn dhomat e izolimit"},"content":{"rendered":"<p>Komisioni i Rithemelimit, q\u00eb ka marr\u00eb drejtimin e Partis\u00eb Demokratike pas vendimit t\u00eb Gjykat\u00ebs, ka reaguar p\u00ebr zjarrin q\u00eb p\u00ebrfshiu Komisariatin e Kamz\u00ebs mbr\u00ebmjen e djeshme, ku p\u00ebr pasoj\u00eb humbi jet\u00ebn n\u00eb dhomat e paraburgimit 26 vje\u00e7ari Arben Mici dhe u plagos\u00ebn dy persona t\u00eb tjer\u00eb.<\/p>\n<p>N\u00eb nj\u00eb reagim n\u00eb rrjetet sociale, Komisioni i Rithemelimit akuzon Ministrin\u00eb e Brendshme se nuk i mbylli dhomat e izolimit n\u00eb k\u00ebt\u00eb Komisariat kur ia k\u00ebrkoi Avokati i Popullit.<\/p>\n<p>Deklarata e plot\u00eb:<\/p>\n<p>Ngjarje tragjike qe ngjitet ne kufijte e vrasjes shtetrore ka ndodhur mbreme ne Komisariatin e Kamzes!<\/p>\n<p>26 vje\u00e7ari nga Kamza, Arben Mici, vdiq tragjikisht ne dhomat e paraburgimit ne\u00a0 Komisariatin nr. 5, Kamez, i djegur ose i asfiksuar nga renia e zjarrit ne kete komisariat!<\/p>\n<p>Ndonese Avokati i Popullit ka rekomanduar mbylljen urgjente te dhomave te izolimit ne kete komisariat pasi kushtet jane \u00e7njerzore, askush nuk ka zbatuar rekomandimet e ketij institucioni.<\/p>\n<p>Te gjitha te dhenat flasin se ne kohen qe zjarri i merrte jeten te riut, policet kane qene duke pare ndeshjen Spanje-Shqiperi dhe reagimi i tyre ka qene i teper vonuar.<\/p>\n<p>Partia Demokratike deklaron se pergjegjesi direkte per kete vdekje tragjike nga zjarri i te riut ne dhomat e izolimit ka Ministria e Brendeshme dhe Komisariati Nr 5 i Kamzes.<\/p>\n<p>Ne nje vend normal nje minister mund te jape doreheqjen vetem per shkak te nje udhetimi te pajustifikuar, ndersa ne Shqiperi ministri i Brendshem nuk jep doreheqjen edhe kur humbasin jeten individe brenda institucioneve te kontrolluara prej tij.<\/p>\n<p>Partia Demokratike i shpreh ngushellimet me te ndjera familjes se viktimes, e ndersa denon kete ngjarje te rende, kerkon vendosjen para pergjegjesise te autoreve te kesaj vrasjeje shteterore ne Komisariatin e Policise!<\/p>","protected":false},"excerpt":{"rendered":"<p>Komisioni i Rithemelimit, q\u00eb ka marr\u00eb drejtimin e Partis\u00eb Demokratike pas vendimit t\u00eb Gjykat\u00ebs, ka reaguar p\u00ebr zjarrin q\u00eb p\u00ebrfshiu Komisariatin e Kamz\u00ebs mbr\u00ebmjen e djeshme, ku p\u00ebr pasoj\u00eb humbi jet\u00ebn n\u00eb dhomat e paraburgimit 26 vje\u00e7ari Arben Mici dhe u plagos\u00ebn dy persona t\u00eb tjer\u00eb. N\u00eb nj\u00eb reagim n\u00eb rrjetet sociale, Komisioni i Rithemelimit [&hellip;]<\/p>\n","protected":false},"author":2030,"featured_media":246953,"comment_status":"closed","ping_status":"closed","sticky":false,"template":"","format":"standard","meta":{"footnotes":""},"categories":[241,3366,5380,231,1454],"tags":[],"class_list":{"0":"post-247054","1":"post","2":"type-post","3":"status-publish","4":"format-standard","5":"has-post-thumbnail","7":"category-aktualitet","8":"category-koment","9":"category-kryesore","10":"category-lajme","11":"category-politike"},"_links":{"self":[{"href":"https:\/\/zjarr.tv\/en\/wp-json\/wp\/v2\/posts\/247054","targetHints":{"allow":["GET"]}}],"collection":[{"href":"https:\/\/zjarr.tv\/en\/wp-json\/wp\/v2\/posts"}],"about":[{"href":"https:\/\/zjarr.tv\/en\/wp-json\/wp\/v2\/types\/post"}],"author":[{"embeddable":true,"href":"https:\/\/zjarr.tv\/en\/wp-json\/wp\/v2\/users\/2030"}],"replies":[{"embeddable":true,"href":"https:\/\/zjarr.tv\/en\/wp-json\/wp\/v2\/comments?post=247054"}],"version-history":[{"count":0,"href":"https:\/\/zjarr.tv\/en\/wp-json\/wp\/v2\/posts\/247054\/revisions"}],"wp:featuredmedia":[{"embeddable":true,"href":"https:\/\/zjarr.tv\/en\/wp-json\/wp\/v2\/media\/246953"}],"wp:attachment":[{"href":"https:\/\/zjarr.tv\/en\/wp-json\/wp\/v2\/media?parent=247054"}],"wp:term":[{"taxonomy":"category","embeddable":true,"href":"https:\/\/zjarr.tv\/en\/wp-json\/wp\/v2\/categories?post=247054"},{"taxonomy":"post_tag","embeddable":true,"href":"https:\/\/zjarr.tv\/en\/wp-json\/wp\/v2\/tags?post=247054"}],"curies":[{"name":"wp","href":"https:\/\/api.w.org\/{rel}","templated":true}]}}