{"id":247057,"date":"2022-03-28T11:34:07","date_gmt":"2022-03-28T09:34:07","guid":{"rendered":"https:\/\/zjarr.tv\/?p=247057"},"modified":"2022-03-28T11:34:07","modified_gmt":"2022-03-28T09:34:07","slug":"soreca-shperthen-ne-lot-gjate-aktivitetit-ne-mbeshtetje-te-ukraines","status":"publish","type":"post","link":"https:\/\/zjarr.tv\/en\/soreca-shperthen-ne-lot-gjate-aktivitetit-ne-mbeshtetje-te-ukraines\/","title":{"rendered":"Soreca shp\u00ebrthen n\u00eb lot gjat\u00eb aktivitetit n\u00eb mb\u00ebshtetje t\u00eb Ukrain\u00ebs"},"content":{"rendered":"<p>Ambasadori i BE-s\u00eb n\u00eb Shqip\u00ebri, Luigi Soreca, i pranish\u00ebm n\u00eb koncertin maraton\u00eb n\u00eb Tiran\u00eb, i cili po transmetohet n\u00eb 20 vende t\u00eb Europ\u00ebs p\u00ebr mbledhjen e fondeve p\u00ebr ndihma humanitare n\u00eb Kiev, nuk i ka mbajtur dot lot\u00ebt teksa n\u00eb sfond d\u00ebgjohej himni komb\u00ebtar i Ukrain\u00ebs, si dhe k\u00ebng\u00eb t\u00eb tjera dedikuar situat\u00ebs atje.<\/p>\n<p>I emocionuar dhe i trishtuar nga \u00e7far\u00eb po ndodh n\u00eb Ukrain\u00eb, kryediplomati evropian, nd\u00ebrsa e konsideroi k\u00ebt\u00eb luft\u00eb t\u00eb papranueshme, vuri theksin te mb\u00ebshtetja q\u00eb duhet t\u2019i ofrohet Ukrain\u00ebs n\u00eb k\u00ebto momente t\u00eb v\u00ebshtira.<\/p>\n<p>\u201cKy \u00ebsht\u00eb nj\u00eb moment i r\u00ebnd\u00ebsish\u00ebm p\u00ebr t\u00eb ftuar \u00e7dok\u00ebnd n\u00eb k\u00ebt\u00eb maraton\u00eb p\u00ebr t\u00eb kuptuar vuatjet dhe situat\u00ebn tragjike q\u00eb po kalon Ukraina. Po punojm\u00eb dit\u00eb pas dit\u00eb, nat\u00eb pas nate, n\u00eb mb\u00ebshteteje t\u00eb miqve tan\u00eb ukrainas, p\u00ebr t\u2019u siguruar se d\u00ebmet dramatike t\u00eb k\u00ebsaj lufte t\u00eb jen\u00eb sa m\u00eb t\u00eb vogla. Kjo luft\u00eb duhet ta ndaloj\u00eb tani. Duhet t\u00eb sigurohemi q\u00eb qytetar\u00ebt q\u00eb po vuajn\u00eb nga kjo tragjedi t\u00eb rikthehen s\u00ebrish n\u00eb sht\u00ebpit\u00eb e tyre dhe t\u00eb jetojn\u00eb jet\u00ebn q\u00eb ata duan. Kjo situat\u00eb duhet t\u00eb marr\u00eb fund\u201d, u shpreh Soreca.<\/p>","protected":false},"excerpt":{"rendered":"<p>Ambasadori i BE-s\u00eb n\u00eb Shqip\u00ebri, Luigi Soreca, i pranish\u00ebm n\u00eb koncertin maraton\u00eb n\u00eb Tiran\u00eb, i cili po transmetohet n\u00eb 20 vende t\u00eb Europ\u00ebs p\u00ebr mbledhjen e fondeve p\u00ebr ndihma humanitare n\u00eb Kiev, nuk i ka mbajtur dot lot\u00ebt teksa n\u00eb sfond d\u00ebgjohej himni komb\u00ebtar i Ukrain\u00ebs, si dhe k\u00ebng\u00eb t\u00eb tjera dedikuar situat\u00ebs atje. I [&hellip;]<\/p>\n","protected":false},"author":2030,"featured_media":247058,"comment_status":"closed","ping_status":"closed","sticky":false,"template":"","format":"standard","meta":{"footnotes":""},"categories":[241],"tags":[],"class_list":{"0":"post-247057","1":"post","2":"type-post","3":"status-publish","4":"format-standard","5":"has-post-thumbnail","7":"category-aktualitet"},"_links":{"self":[{"href":"https:\/\/zjarr.tv\/en\/wp-json\/wp\/v2\/posts\/247057","targetHints":{"allow":["GET"]}}],"collection":[{"href":"https:\/\/zjarr.tv\/en\/wp-json\/wp\/v2\/posts"}],"about":[{"href":"https:\/\/zjarr.tv\/en\/wp-json\/wp\/v2\/types\/post"}],"author":[{"embeddable":true,"href":"https:\/\/zjarr.tv\/en\/wp-json\/wp\/v2\/users\/2030"}],"replies":[{"embeddable":true,"href":"https:\/\/zjarr.tv\/en\/wp-json\/wp\/v2\/comments?post=247057"}],"version-history":[{"count":0,"href":"https:\/\/zjarr.tv\/en\/wp-json\/wp\/v2\/posts\/247057\/revisions"}],"wp:featuredmedia":[{"embeddable":true,"href":"https:\/\/zjarr.tv\/en\/wp-json\/wp\/v2\/media\/247058"}],"wp:attachment":[{"href":"https:\/\/zjarr.tv\/en\/wp-json\/wp\/v2\/media?parent=247057"}],"wp:term":[{"taxonomy":"category","embeddable":true,"href":"https:\/\/zjarr.tv\/en\/wp-json\/wp\/v2\/categories?post=247057"},{"taxonomy":"post_tag","embeddable":true,"href":"https:\/\/zjarr.tv\/en\/wp-json\/wp\/v2\/tags?post=247057"}],"curies":[{"name":"wp","href":"https:\/\/api.w.org\/{rel}","templated":true}]}}