{"id":247061,"date":"2022-03-28T11:37:12","date_gmt":"2022-03-28T09:37:12","guid":{"rendered":"https:\/\/zjarr.tv\/?p=247061"},"modified":"2022-03-28T11:37:12","modified_gmt":"2022-03-28T09:37:12","slug":"deshton-leshimi-i-satelitit-albania-1-ne-hapesire","status":"publish","type":"post","link":"https:\/\/zjarr.tv\/en\/deshton-leshimi-i-satelitit-albania-1-ne-hapesire\/","title":{"rendered":"D\u00ebshton l\u00ebshimi i satelitit \u201cAlbania 1\u201d n\u00eb hap\u00ebsir\u00eb"},"content":{"rendered":"<p>Shqip\u00ebria ka d\u00ebshtuar t\u00eb l\u00ebshoj\u00eb n\u00eb hap\u00ebsir\u00eb sateliti e par\u00eb t\u00eb saj, \u201cAlbania 1\u201d, arsyet nuk dihen ende, megjithat\u00eb sipas planit t\u00eb b\u00ebr\u00eb publik nga vet\u00eb Kryeministri Edi Rama, nj\u00eb prej dy satelit\u00ebve do t\u00eb l\u00ebshohej n\u00eb hap\u00ebsir\u00eb fal\u00eb bashk\u00ebpunimit me kompanin\u00eb amerikane \u201cSpace X\u201d, n\u00eb mars t\u00eb k\u00ebtij viti.<\/p>\n<p>Por teksa nga marsi kan\u00eb mbetur vet\u00ebm 4 dit\u00eb, \u00ebsht\u00eb e paqart\u00eb n\u00ebse planet p\u00ebr ta b\u00ebr\u00eb Shqip\u00ebrin\u00eb me satelit n\u00eb hap\u00ebsir\u00eb jan\u00eb braktisur nj\u00ebher\u00eb e mir\u00eb, apo jan\u00eb shtyr\u00eb p\u00ebr nj\u00eb moment tjet\u00ebr.<\/p>\n<p>Rama njoftoi nj\u00eb vit m\u00eb par\u00eb se Shqip\u00ebria do t\u00eb b\u00ebhej me dy satelit\u00eb, \u201cAlbania 1\u201d i parashikuar t\u00eb l\u00ebshohej n\u00eb mars t\u00eb 2022 dhe sateliti \u201cAlbania 2\u201d i planifikuar p\u00ebr t\u2019u l\u00ebshuar n\u00eb qershor t\u00eb k\u00ebtij viti.<\/p>\n<p>N\u00eb p\u00ebrmir\u00ebsimin e infrastuktur\u00ebs teknologjike t\u00eb Shqip\u00ebris\u00eb, duket se kan\u00eb mbetur pas edhe planet p\u00ebr blerjen e dron\u00ebve t\u00eb famsh\u00ebm nga Turqia.<\/p>\n<p>Shqip\u00ebria ndau korrikun e kaluar nga buxheti p\u00ebr mbrojtjen nj\u00eb shum\u00eb prej 8.2 milion\u00eb euro p\u00ebr blerjen e dron\u00ebve turq \u201cBayraktar TB-2\u201d, megjithat\u00eb nuk dihet n\u00ebse ka vones\u00eb nga pala turke.<\/p>\n<p>Polonia porositi nj\u00eb vit m\u00eb par\u00eb dron\u00eb t\u00eb till\u00eb, por \u00ebsht\u00eb ende n\u00eb pritje t\u00eb d\u00ebrgimit t\u00eb tyre.<\/p>\n<p>K\u00ebrkesa p\u00ebr dron\u00ebt truq \u00ebsht\u00eb rritur ndjesh\u00ebm pas pushtimit rus t\u00eb Ukrain\u00ebs.<\/p>\n<p>P\u00ebrve\u00e7 se sulmeve me precizion aj\u00ebr-tok\u00eb, k\u00ebta dron\u00eb sh\u00ebrbejn\u00eb dhe p\u00ebr operacione t\u00eb ndryshme survejimi.\/Newsbomb<\/p>","protected":false},"excerpt":{"rendered":"<p>Shqip\u00ebria ka d\u00ebshtuar t\u00eb l\u00ebshoj\u00eb n\u00eb hap\u00ebsir\u00eb sateliti e par\u00eb t\u00eb saj, \u201cAlbania 1\u201d, arsyet nuk dihen ende, megjithat\u00eb sipas planit t\u00eb b\u00ebr\u00eb publik nga vet\u00eb Kryeministri Edi Rama, nj\u00eb prej dy satelit\u00ebve do t\u00eb l\u00ebshohej n\u00eb hap\u00ebsir\u00eb fal\u00eb bashk\u00ebpunimit me kompanin\u00eb amerikane \u201cSpace X\u201d, n\u00eb mars t\u00eb k\u00ebtij viti. Por teksa nga marsi kan\u00eb [&hellip;]<\/p>\n","protected":false},"author":2030,"featured_media":247062,"comment_status":"closed","ping_status":"closed","sticky":false,"template":"","format":"standard","meta":{"footnotes":""},"categories":[241,5380,231],"tags":[],"class_list":{"0":"post-247061","1":"post","2":"type-post","3":"status-publish","4":"format-standard","5":"has-post-thumbnail","7":"category-aktualitet","8":"category-kryesore","9":"category-lajme"},"_links":{"self":[{"href":"https:\/\/zjarr.tv\/en\/wp-json\/wp\/v2\/posts\/247061","targetHints":{"allow":["GET"]}}],"collection":[{"href":"https:\/\/zjarr.tv\/en\/wp-json\/wp\/v2\/posts"}],"about":[{"href":"https:\/\/zjarr.tv\/en\/wp-json\/wp\/v2\/types\/post"}],"author":[{"embeddable":true,"href":"https:\/\/zjarr.tv\/en\/wp-json\/wp\/v2\/users\/2030"}],"replies":[{"embeddable":true,"href":"https:\/\/zjarr.tv\/en\/wp-json\/wp\/v2\/comments?post=247061"}],"version-history":[{"count":0,"href":"https:\/\/zjarr.tv\/en\/wp-json\/wp\/v2\/posts\/247061\/revisions"}],"wp:featuredmedia":[{"embeddable":true,"href":"https:\/\/zjarr.tv\/en\/wp-json\/wp\/v2\/media\/247062"}],"wp:attachment":[{"href":"https:\/\/zjarr.tv\/en\/wp-json\/wp\/v2\/media?parent=247061"}],"wp:term":[{"taxonomy":"category","embeddable":true,"href":"https:\/\/zjarr.tv\/en\/wp-json\/wp\/v2\/categories?post=247061"},{"taxonomy":"post_tag","embeddable":true,"href":"https:\/\/zjarr.tv\/en\/wp-json\/wp\/v2\/tags?post=247061"}],"curies":[{"name":"wp","href":"https:\/\/api.w.org\/{rel}","templated":true}]}}