{"id":247069,"date":"2022-03-28T11:46:55","date_gmt":"2022-03-28T09:46:55","guid":{"rendered":"https:\/\/zjarr.tv\/?p=247069"},"modified":"2022-03-28T11:46:55","modified_gmt":"2022-03-28T09:46:55","slug":"xhixho-shqiptaret-serish-te-paret-ne-rajon-per-deshiren-per-tu-larguar-nga-vendi-rama-shkurtoi-mbi-15-milione-dollare-buxhetin-per-arsimin","status":"publish","type":"post","link":"https:\/\/zjarr.tv\/en\/xhixho-shqiptaret-serish-te-paret-ne-rajon-per-deshiren-per-tu-larguar-nga-vendi-rama-shkurtoi-mbi-15-milione-dollare-buxhetin-per-arsimin\/","title":{"rendered":"Xhixho: Shqiptar\u00ebt s\u00ebrish t\u00eb par\u00ebt n\u00eb rajon p\u00ebr d\u00ebshir\u00ebn p\u00ebr t\u2019u larguar nga vendi, Rama shkurtoi mbi 15 milion\u00eb dollar\u00eb buxhetin p\u00ebr arsimin"},"content":{"rendered":"<p>Nga Erisa Xhixho<\/p>\n<p>Shqiptar\u00ebt s\u00ebrisht t\u00eb par\u00ebt n\u00eb rajon p\u00ebr d\u00ebshir\u00ebn p\u00ebr t\u2019u larguar nga vendi.<\/p>\n<p>P\u00ebrgjat\u00eb vitit 2021, sipas \u201cEuropean Union Agency for Asylum\u201d, 11 246 shqiptar\u00eb k\u00ebrkuan azil n\u00eb nj\u00eb nga vendet e Bashkimit Europian.<\/p>\n<p>Keqqeverisja dhe mungesa e shpres\u00ebs po i detyron moshat m\u00eb vitale dhe intelektual\u00ebt t\u00eb largohen n\u00eb k\u00ebrkim t\u00eb nj\u00eb ardhmeje m\u00eb t\u00eb mir\u00eb.<\/p>\n<p>Shpopullimi duhet ndalur sot, si nj\u00eb k\u00ebmban\u00eb alarmi dhe fatkeq\u00ebsi komb\u00ebtare q\u00eb duhet adresuar urgjent me politika konkrete.<\/p>\n<p>Por qeveria Rama nuk ka prioritet edukimin dhe pun\u00ebsimin e t\u00eb rinjve, ndaj ka miratuar nj\u00eb akt normativ duke shkurtuar me mbi 15 milion\u00eb dollar\u00eb buxhetin p\u00ebr arsimin!<\/p>\n<p>T\u00eb rinjt\u00eb largohen se nuk ka arsim cil\u00ebsor dhe pun\u00ebsim me paga dinjitoze. T\u00eb shkurtosh buxhetin e arsimit \u00ebsht\u00eb nj\u00eb politik\u00eb q\u00eb nxit largimin e t\u00eb rinjve dhe shpopullimin e m\u00ebtejsh\u00ebm t\u00eb vendit.<\/p>\n<p>Sot me shum\u00ea se kurr\u00eb, ne duhet t\u2019u rikthejm\u00eb t\u00eb rinjve shpres\u00ebn p\u00ebr nj\u00eb t\u00eb ardhme europiane, pa i detyruar ata ta k\u00ebrkojn\u00eb at\u00eb jasht\u00eb Shqip\u00ebris\u00eb!<\/p>\n<p><img loading=\"lazy\" decoding=\"async\" class=\"alignnone size-medium wp-image-247071\" src=\"https:\/\/zjarr.tv\/wp-content\/uploads\/2022\/03\/Untitled-design-53-2-300x251.jpg\" alt=\"\" width=\"300\" height=\"251\" srcset=\"https:\/\/zjarr.tv\/wp-content\/uploads\/2022\/03\/Untitled-design-53-2-300x251.jpg 300w, https:\/\/zjarr.tv\/wp-content\/uploads\/2022\/03\/Untitled-design-53-2-768x644.jpg 768w, https:\/\/zjarr.tv\/wp-content\/uploads\/2022\/03\/Untitled-design-53-2-696x583.jpg 696w, https:\/\/zjarr.tv\/wp-content\/uploads\/2022\/03\/Untitled-design-53-2-501x420.jpg 501w, https:\/\/zjarr.tv\/wp-content\/uploads\/2022\/03\/Untitled-design-53-2.jpg 940w\" sizes=\"auto, (max-width: 300px) 100vw, 300px\" \/><\/p>","protected":false},"excerpt":{"rendered":"<p>Nga Erisa Xhixho Shqiptar\u00ebt s\u00ebrisht t\u00eb par\u00ebt n\u00eb rajon p\u00ebr d\u00ebshir\u00ebn p\u00ebr t\u2019u larguar nga vendi. P\u00ebrgjat\u00eb vitit 2021, sipas \u201cEuropean Union Agency for Asylum\u201d, 11 246 shqiptar\u00eb k\u00ebrkuan azil n\u00eb nj\u00eb nga vendet e Bashkimit Europian. Keqqeverisja dhe mungesa e shpres\u00ebs po i detyron moshat m\u00eb vitale dhe intelektual\u00ebt t\u00eb largohen n\u00eb k\u00ebrkim t\u00eb [&hellip;]<\/p>\n","protected":false},"author":2030,"featured_media":247072,"comment_status":"closed","ping_status":"closed","sticky":false,"template":"","format":"standard","meta":{"footnotes":""},"categories":[241,3366,5380,231,1454],"tags":[],"class_list":{"0":"post-247069","1":"post","2":"type-post","3":"status-publish","4":"format-standard","5":"has-post-thumbnail","7":"category-aktualitet","8":"category-koment","9":"category-kryesore","10":"category-lajme","11":"category-politike"},"_links":{"self":[{"href":"https:\/\/zjarr.tv\/en\/wp-json\/wp\/v2\/posts\/247069","targetHints":{"allow":["GET"]}}],"collection":[{"href":"https:\/\/zjarr.tv\/en\/wp-json\/wp\/v2\/posts"}],"about":[{"href":"https:\/\/zjarr.tv\/en\/wp-json\/wp\/v2\/types\/post"}],"author":[{"embeddable":true,"href":"https:\/\/zjarr.tv\/en\/wp-json\/wp\/v2\/users\/2030"}],"replies":[{"embeddable":true,"href":"https:\/\/zjarr.tv\/en\/wp-json\/wp\/v2\/comments?post=247069"}],"version-history":[{"count":0,"href":"https:\/\/zjarr.tv\/en\/wp-json\/wp\/v2\/posts\/247069\/revisions"}],"wp:featuredmedia":[{"embeddable":true,"href":"https:\/\/zjarr.tv\/en\/wp-json\/wp\/v2\/media\/247072"}],"wp:attachment":[{"href":"https:\/\/zjarr.tv\/en\/wp-json\/wp\/v2\/media?parent=247069"}],"wp:term":[{"taxonomy":"category","embeddable":true,"href":"https:\/\/zjarr.tv\/en\/wp-json\/wp\/v2\/categories?post=247069"},{"taxonomy":"post_tag","embeddable":true,"href":"https:\/\/zjarr.tv\/en\/wp-json\/wp\/v2\/tags?post=247069"}],"curies":[{"name":"wp","href":"https:\/\/api.w.org\/{rel}","templated":true}]}}