{"id":247086,"date":"2022-03-28T12:11:34","date_gmt":"2022-03-28T10:11:34","guid":{"rendered":"https:\/\/zjarr.tv\/?p=247086"},"modified":"2022-03-28T12:11:34","modified_gmt":"2022-03-28T10:11:34","slug":"3-te-mandatuar-per-konsultimet-taulant-balla-iu-kemi-kerkuar-deputeteve-qe-te-sjellin-emrat-e-tyre-per-president-te-vendit","status":"publish","type":"post","link":"https:\/\/zjarr.tv\/en\/3-te-mandatuar-per-konsultimet-taulant-balla-iu-kemi-kerkuar-deputeteve-qe-te-sjellin-emrat-e-tyre-per-president-te-vendit\/","title":{"rendered":"3 t\u00eb mandatuar p\u00ebr konsultimet\/ Taulant Balla: Iu kemi k\u00ebrkuar deputet\u00ebve q\u00eb t\u00eb sjellin emrat e tyre p\u00ebr president t\u00eb vendit"},"content":{"rendered":"<p>Kreu i grupit parlamentar t\u00eb Partis\u00eb Socialiste, Taulant Balla n\u00eb nj\u00eb komunikim me gazetar\u00ebt tha se n\u00eb mbledhjen e sotme, socialist\u00ebt kan\u00eb hapur diskutimet p\u00ebr emrin e presidentit t\u00eb ri t\u00eb vendit. Balla tha se t\u00eb gjith\u00eb deputet\u00ebve socialist\u00eb iu \u00ebsht\u00eb k\u00ebrkuar q\u00eb t\u00eb sjellin propozime p\u00ebr emrat e mundsh\u00ebm q\u00eb t\u00eb jen\u00eb pjes\u00eb e gar\u00ebs p\u00ebr president.<\/p>\n<p>Taulant Balla, Damian Gjiknuri dhe Elisa Spiropali do t\u00eb jen\u00eb p\u00ebrfaq\u00ebsuesit q\u00eb do t\u00eb koordinojn\u00eb k\u00ebto propozime.<\/p>\n<p><strong>Taulant Balla:<\/strong><\/p>\n<p>Po afron dita p\u00ebr konferenc\u00ebn e kryetar\u00ebve ku do t\u00eb vendoset edhe axhenda e Kuvendit, dhe do t\u00eb diskutojm\u00eb p\u00ebr emrin e presidentit q\u00eb duhet t\u00eb zgjidhet jo m\u00eb von\u00eb se nga data 24 Maj. PS e cila \u00ebsht\u00eb shumic\u00eb parlamentare, do t\u00eb zhvilloj\u00eb nj\u00eb proces t\u00eb hapur, p\u00ebr tu konsultuar me grupet e tjera parlamentare, me deputet\u00ebt, dhe me gjithk\u00ebnd tjet\u00ebr q\u00eb \u00ebsht\u00eb i interesuar.<\/p>\n<p>K\u00ebto konsultime kan\u00eb nisur edhe brenda grupit ton\u00eb, me q\u00ebllim q\u00eb ne t\u00eb kemi gati kanidaturat e mundshme, ku deputet\u00ebt do t\u00eb sjellin edhe ata propozimet e tyre. Kushtetuta ka sanksionuar q\u00eb procesi n\u00eb tre raundet e para k\u00ebrkon 84 vota, dhe mekanizmi zhbllokues, \u00ebsht\u00eb ai q\u00eb n\u00eb raundin e kat\u00ebrt k\u00ebrkon 71 vota.<\/p>\n<p>\u00cbsht\u00eb \u00e7\u00ebshtje e brendshme e tyre se \u00e7far\u00eb ndodh n\u00eb grupet parlamentare. PS \u00ebsht\u00eb e vetmja q\u00eb ka kontribuar n\u00eb vendosjen e standardeve , n\u00eb m\u00ebnyr\u00ebn e konsultimit dhe natyrsh\u00ebm edhe k\u00ebt\u00eb her\u00eb do t\u00eb zbatohet nj\u00eb gj\u00eb e till\u00eb.<\/p>","protected":false},"excerpt":{"rendered":"<p>Kreu i grupit parlamentar t\u00eb Partis\u00eb Socialiste, Taulant Balla n\u00eb nj\u00eb komunikim me gazetar\u00ebt tha se n\u00eb mbledhjen e sotme, socialist\u00ebt kan\u00eb hapur diskutimet p\u00ebr emrin e presidentit t\u00eb ri t\u00eb vendit. Balla tha se t\u00eb gjith\u00eb deputet\u00ebve socialist\u00eb iu \u00ebsht\u00eb k\u00ebrkuar q\u00eb t\u00eb sjellin propozime p\u00ebr emrat e mundsh\u00ebm q\u00eb t\u00eb jen\u00eb pjes\u00eb e [&hellip;]<\/p>\n","protected":false},"author":2030,"featured_media":247092,"comment_status":"closed","ping_status":"closed","sticky":false,"template":"","format":"standard","meta":{"footnotes":""},"categories":[241,231,1454],"tags":[],"class_list":{"0":"post-247086","1":"post","2":"type-post","3":"status-publish","4":"format-standard","5":"has-post-thumbnail","7":"category-aktualitet","8":"category-lajme","9":"category-politike"},"_links":{"self":[{"href":"https:\/\/zjarr.tv\/en\/wp-json\/wp\/v2\/posts\/247086","targetHints":{"allow":["GET"]}}],"collection":[{"href":"https:\/\/zjarr.tv\/en\/wp-json\/wp\/v2\/posts"}],"about":[{"href":"https:\/\/zjarr.tv\/en\/wp-json\/wp\/v2\/types\/post"}],"author":[{"embeddable":true,"href":"https:\/\/zjarr.tv\/en\/wp-json\/wp\/v2\/users\/2030"}],"replies":[{"embeddable":true,"href":"https:\/\/zjarr.tv\/en\/wp-json\/wp\/v2\/comments?post=247086"}],"version-history":[{"count":0,"href":"https:\/\/zjarr.tv\/en\/wp-json\/wp\/v2\/posts\/247086\/revisions"}],"wp:featuredmedia":[{"embeddable":true,"href":"https:\/\/zjarr.tv\/en\/wp-json\/wp\/v2\/media\/247092"}],"wp:attachment":[{"href":"https:\/\/zjarr.tv\/en\/wp-json\/wp\/v2\/media?parent=247086"}],"wp:term":[{"taxonomy":"category","embeddable":true,"href":"https:\/\/zjarr.tv\/en\/wp-json\/wp\/v2\/categories?post=247086"},{"taxonomy":"post_tag","embeddable":true,"href":"https:\/\/zjarr.tv\/en\/wp-json\/wp\/v2\/tags?post=247086"}],"curies":[{"name":"wp","href":"https:\/\/api.w.org\/{rel}","templated":true}]}}