{"id":247100,"date":"2022-03-28T12:31:59","date_gmt":"2022-03-28T10:31:59","guid":{"rendered":"https:\/\/zjarr.tv\/?p=247100"},"modified":"2022-03-28T12:31:59","modified_gmt":"2022-03-28T10:31:59","slug":"bie-cmimi-i-naftes-ne-burse-por-qeveria-e-ka-fiksuar-deri-ne-fundjave","status":"publish","type":"post","link":"https:\/\/zjarr.tv\/en\/bie-cmimi-i-naftes-ne-burse-por-qeveria-e-ka-fiksuar-deri-ne-fundjave\/","title":{"rendered":"Bie \u00e7mimi i naft\u00ebs n\u00eb burs\u00eb, por qeveria e ka fiksuar deri n\u00eb fundjav\u00eb"},"content":{"rendered":"<p>\u00c7mimi i naft\u00ebs n\u00eb Shqip\u00ebri nuk do ndryshoj\u00eb deri te premten, edhe pse n\u00eb bursa ka p\u00ebsuar ulje me rreth 6%. Fiksimi i \u00e7mimeve nuk po i k\u00ebnaq qytetar\u00ebt, t\u00eb cil\u00ebt lajm\u00ebrojn\u00eb protest\u00eb masive k\u00ebt\u00eb t\u00eb mart\u00eb. Nj\u00eb lit\u00ebr naft\u00eb do t\u00eb blihet n\u00eb pikat e karburanteve p\u00ebr 245 lek\u00eb deri m\u00eb 1 prill.<\/p>\n<p>Vendimi i bordit t\u00eb ngritur nga qeveria, \u00ebsht\u00eb i pakthyesh\u00ebm q\u00eb nga e shtuna, edhe pse n\u00eb tregun nd\u00ebrkomb\u00ebtar \u00e7mimi p\u00ebr fu\u00e7i ka r\u00ebn\u00eb 6 % k\u00ebt\u00eb t\u00eb h\u00ebn\u00eb. Pra, qeveria del nga angazhimi p\u00ebr t\u00eb kontrolluar abuzimin me marzhin minimal t\u00eb fitimit. N\u00eb k\u00ebt\u00eb m\u00ebnyr\u00eb ajo po luan lotari, e cila \u00ebsht\u00eb pranuar edhe nga furnitor\u00ebt e naft\u00ebs p\u00ebr t\u00eb shitur mbi marzhin e p\u00ebrcaktuar ose p\u00ebr t\u00eb dal\u00eb m\u00eb humbje n\u00eb rastin m\u00eb t\u00eb keq.<\/p>\n<p>Bursa e nisi jav\u00ebn me trend n\u00eb r\u00ebnie, por kjo nuk i k\u00ebnaq qytetar\u00ebt e as bizneset. Ata do t\u00eb vazhdojn\u00eb t\u00eb blejn\u00eb shtrenjt\u00eb, duke iu n\u00ebnshtruar \u00e7mimit t\u00eb transparenc\u00ebs. Pra, ngritja e komisionit t\u00eb \u00e7mimeve, nuk ka sjell\u00eb leht\u00ebsim n\u00eb treg. Kjo shihet n\u00eb krahasim edhe me vendet e rajonit, ku vendi yn\u00eb kryeson me naft\u00ebn e shtrenjt\u00eb.<\/p>\n<p>Pak\u00ebnaq\u00ebsit\u00eb n\u00eb rritje p\u00ebr shtrenjtimin e \u00e7mimeve, po rikthejn\u00eb s\u00ebrish qytetar\u00ebt n\u00eb shesh. Ata lajm\u00ebrojn\u00eb p\u00ebr nj\u00eb protest\u00eb masive pasditen e 29 marsit p\u00ebrball\u00eb kryeministris\u00eb.\/ Burimi Euronews<\/p>","protected":false},"excerpt":{"rendered":"<p>\u00c7mimi i naft\u00ebs n\u00eb Shqip\u00ebri nuk do ndryshoj\u00eb deri te premten, edhe pse n\u00eb bursa ka p\u00ebsuar ulje me rreth 6%. Fiksimi i \u00e7mimeve nuk po i k\u00ebnaq qytetar\u00ebt, t\u00eb cil\u00ebt lajm\u00ebrojn\u00eb protest\u00eb masive k\u00ebt\u00eb t\u00eb mart\u00eb. Nj\u00eb lit\u00ebr naft\u00eb do t\u00eb blihet n\u00eb pikat e karburanteve p\u00ebr 245 lek\u00eb deri m\u00eb 1 prill. Vendimi [&hellip;]<\/p>\n","protected":false},"author":2030,"featured_media":247101,"comment_status":"closed","ping_status":"closed","sticky":false,"template":"","format":"standard","meta":{"footnotes":""},"categories":[241,231,1454],"tags":[],"class_list":{"0":"post-247100","1":"post","2":"type-post","3":"status-publish","4":"format-standard","5":"has-post-thumbnail","7":"category-aktualitet","8":"category-lajme","9":"category-politike"},"_links":{"self":[{"href":"https:\/\/zjarr.tv\/en\/wp-json\/wp\/v2\/posts\/247100","targetHints":{"allow":["GET"]}}],"collection":[{"href":"https:\/\/zjarr.tv\/en\/wp-json\/wp\/v2\/posts"}],"about":[{"href":"https:\/\/zjarr.tv\/en\/wp-json\/wp\/v2\/types\/post"}],"author":[{"embeddable":true,"href":"https:\/\/zjarr.tv\/en\/wp-json\/wp\/v2\/users\/2030"}],"replies":[{"embeddable":true,"href":"https:\/\/zjarr.tv\/en\/wp-json\/wp\/v2\/comments?post=247100"}],"version-history":[{"count":0,"href":"https:\/\/zjarr.tv\/en\/wp-json\/wp\/v2\/posts\/247100\/revisions"}],"wp:featuredmedia":[{"embeddable":true,"href":"https:\/\/zjarr.tv\/en\/wp-json\/wp\/v2\/media\/247101"}],"wp:attachment":[{"href":"https:\/\/zjarr.tv\/en\/wp-json\/wp\/v2\/media?parent=247100"}],"wp:term":[{"taxonomy":"category","embeddable":true,"href":"https:\/\/zjarr.tv\/en\/wp-json\/wp\/v2\/categories?post=247100"},{"taxonomy":"post_tag","embeddable":true,"href":"https:\/\/zjarr.tv\/en\/wp-json\/wp\/v2\/tags?post=247100"}],"curies":[{"name":"wp","href":"https:\/\/api.w.org\/{rel}","templated":true}]}}