{"id":247105,"date":"2022-03-28T12:46:16","date_gmt":"2022-03-28T10:46:16","guid":{"rendered":"https:\/\/zjarr.tv\/?p=247105"},"modified":"2022-03-28T12:46:16","modified_gmt":"2022-03-28T10:46:16","slug":"meta-pret-ambasadorin-e-republikes-islamike-te-pakistanit-diskutuam-per-rendesine-e-forcimit-te-marredhenieve-dypaleshe","status":"publish","type":"post","link":"https:\/\/zjarr.tv\/en\/meta-pret-ambasadorin-e-republikes-islamike-te-pakistanit-diskutuam-per-rendesine-e-forcimit-te-marredhenieve-dypaleshe\/","title":{"rendered":"Meta pret ambasadorin e Republik\u00ebs Islamike t\u00eb Pakistanit: Diskutuam p\u00ebr r\u00ebnd\u00ebsin\u00eb e forcimit t\u00eb marr\u00ebdh\u00ebnieve dypal\u00ebshe"},"content":{"rendered":"<p>Presidenti i vendit Ilir Meta ka pritur sot n\u00eb takim ambasadorin e Republik\u00ebs Islamike t\u00eb Pakistanit, Jauhar Saleem, i cili i ka paraqitur Letrat Kredinciale. Kreu i Shtetit ka n\u00ebnvizuar r\u00ebnd\u00ebsin\u00eb e forcimit t\u00eb marr\u00ebdh\u00ebnieve miq\u00ebsore dypal\u00ebshe n\u00eb fushat me interes reciprok, ve\u00e7an\u00ebrisht n\u00eb bashk\u00ebpunimin ekonomik e tregtar, si dhe n\u00eb fush\u00ebn e teknologjis\u00eb s\u00eb informacionit. N\u00eb nj\u00eb postim n\u00eb faqen e tij zyrtare n\u00eb Facebook ai ka shprehur mikpritjen p\u00ebr homologun e tij, duke i uruar sukses ambasadorit pakistanez p\u00ebr misionin e tij n\u00eb Shqip\u00ebri.<\/p>\n<p><strong>Postimi i plot\u00eb i Ilir Met\u00ebs:<\/strong><\/p>\n<p>Prita sot, me rastin e paraqitjes s\u00eb Letrave Kredenciale, Ambasadorin e Republik\u00ebs Islamike t\u00eb Pakistanit, Sh.T.Z. Jauhar Saleem.<\/p>\n<p>I urova suksese n\u00eb misionin e tij diplomatik n\u00eb Shqip\u00ebri dhe n\u00ebnvizova r\u00ebnd\u00ebsin\u00eb e forcimit t\u00eb marr\u00ebdh\u00ebnieve miq\u00ebsore dypal\u00ebshe n\u00eb fushat me interes reciprok, ve\u00e7an\u00ebrisht n\u00eb bashk\u00ebpunimin ekonomik e tregtar, si dhe n\u00eb fush\u00ebn e teknologjis\u00eb s\u00eb informacionit, p\u00ebrmes p\u00ebrmir\u00ebsimit dhe plot\u00ebsimit t\u00eb kuadrit ligjor mes dy vendeve.<\/p>\n<p>Bashk\u00ebpunimi n\u00eb kuad\u00ebr t\u00eb NATO-s dhe t\u00eb OKB-s\u00eb, p\u00ebr paqen e q\u00ebndrueshme, sigurin\u00eb dhe stabilitetin n\u00eb bot\u00eb, mbetet nj\u00eb fush\u00eb e r\u00ebnd\u00ebsishme, me dobi p\u00ebr t\u00eb dy vendet tona.<\/p>","protected":false},"excerpt":{"rendered":"<p>Presidenti i vendit Ilir Meta ka pritur sot n\u00eb takim ambasadorin e Republik\u00ebs Islamike t\u00eb Pakistanit, Jauhar Saleem, i cili i ka paraqitur Letrat Kredinciale. Kreu i Shtetit ka n\u00ebnvizuar r\u00ebnd\u00ebsin\u00eb e forcimit t\u00eb marr\u00ebdh\u00ebnieve miq\u00ebsore dypal\u00ebshe n\u00eb fushat me interes reciprok, ve\u00e7an\u00ebrisht n\u00eb bashk\u00ebpunimin ekonomik e tregtar, si dhe n\u00eb fush\u00ebn e teknologjis\u00eb s\u00eb [&hellip;]<\/p>\n","protected":false},"author":2030,"featured_media":247107,"comment_status":"closed","ping_status":"closed","sticky":false,"template":"","format":"standard","meta":{"footnotes":""},"categories":[241,231,1454],"tags":[],"class_list":{"0":"post-247105","1":"post","2":"type-post","3":"status-publish","4":"format-standard","5":"has-post-thumbnail","7":"category-aktualitet","8":"category-lajme","9":"category-politike"},"_links":{"self":[{"href":"https:\/\/zjarr.tv\/en\/wp-json\/wp\/v2\/posts\/247105","targetHints":{"allow":["GET"]}}],"collection":[{"href":"https:\/\/zjarr.tv\/en\/wp-json\/wp\/v2\/posts"}],"about":[{"href":"https:\/\/zjarr.tv\/en\/wp-json\/wp\/v2\/types\/post"}],"author":[{"embeddable":true,"href":"https:\/\/zjarr.tv\/en\/wp-json\/wp\/v2\/users\/2030"}],"replies":[{"embeddable":true,"href":"https:\/\/zjarr.tv\/en\/wp-json\/wp\/v2\/comments?post=247105"}],"version-history":[{"count":0,"href":"https:\/\/zjarr.tv\/en\/wp-json\/wp\/v2\/posts\/247105\/revisions"}],"wp:featuredmedia":[{"embeddable":true,"href":"https:\/\/zjarr.tv\/en\/wp-json\/wp\/v2\/media\/247107"}],"wp:attachment":[{"href":"https:\/\/zjarr.tv\/en\/wp-json\/wp\/v2\/media?parent=247105"}],"wp:term":[{"taxonomy":"category","embeddable":true,"href":"https:\/\/zjarr.tv\/en\/wp-json\/wp\/v2\/categories?post=247105"},{"taxonomy":"post_tag","embeddable":true,"href":"https:\/\/zjarr.tv\/en\/wp-json\/wp\/v2\/tags?post=247105"}],"curies":[{"name":"wp","href":"https:\/\/api.w.org\/{rel}","templated":true}]}}