{"id":247121,"date":"2022-03-28T13:04:06","date_gmt":"2022-03-28T11:04:06","guid":{"rendered":"https:\/\/zjarr.tv\/?p=247121"},"modified":"2022-03-28T13:04:06","modified_gmt":"2022-03-28T11:04:06","slug":"gazetari-publikon-foton-e-selise-se-pd-a-do-hetoje-spak-bashen-dhe-bardhin-kush-eshte-gjenerali-qe-pagoi-72-000-euro-per-kamera-e-dyer-te-blinduara","status":"publish","type":"post","link":"https:\/\/zjarr.tv\/en\/gazetari-publikon-foton-e-selise-se-pd-a-do-hetoje-spak-bashen-dhe-bardhin-kush-eshte-gjenerali-qe-pagoi-72-000-euro-per-kamera-e-dyer-te-blinduara\/","title":{"rendered":"Gazetari publikon foton e selis\u00eb s\u00eb PD: A do hetoj\u00eb SPAK Bash\u00ebn dhe Bardhin?! Kush \u00ebsht\u00eb gjenerali q\u00eb pagoi 72.000 euro p\u00ebr kamera e dyer t\u00eb blinduara"},"content":{"rendered":"<p>Gazetari Bejdo Malo, publikon nj\u00eb foto t\u00eb selis\u00eb s\u00eb PD tani q\u00eb ajo i \u00ebsht\u00eb n\u00ebnshtruar procesit t\u00eb \u201c\u00e7blindimit\u201d dhe pyet n\u00ebse SPAK do t\u00eb hetoj\u00eb kryetarin e dor\u00ebhequr Lulzim Basha dhe sekretarin Gazment Bardhi.<\/p>\n<p>\u201cA do hetoj\u00eb SPAK-ku nd\u00ebrtimin pa leje me n\u00eb vler\u00ebn 40 mij\u00eb euro hekur dhe 32 mij\u00eb euro kamera t\u00eb selis\u00eb s\u00eb PD, nga dyshja Lul\u00ebzim Basha, Gaz Bardhi. T\u00eb 72 mij\u00eb eurot jan\u00eb pagesa t\u00eb b\u00ebra nga nj\u00eb gjeneral pjes\u00eb e strukturave t\u00eb k\u00ebsaj partie\u201d, shkruan nd\u00ebr t\u00eb tjera Malo.<\/p>\n<p>Sh\u00ebnimi i plot\u00eb i gazetarit:<\/p>\n<p>A do hetoj\u00eb SPAK-ku nd\u00ebrtimin pa leje me n\u00eb vler\u00ebn 40 mij\u00eb euro hekur dhe 32 mij\u00eb euro kamera t\u00eb selis\u00eb s\u00eb PD, nga dyshja Lul\u00ebzim Basha, Gaz Bardhi. T\u00eb 72 mij\u00eb eurot jan\u00eb pagesa t\u00eb b\u00ebra nga nj\u00eb gjeneral pjes\u00eb e strukturave t\u00eb k\u00ebsaj partie. Pothuajse t\u00eb gjith\u00eb gjeneral\u00ebt si dhe\u00a0 disa ish-shefa shtabi t\u00eb p\u00ebrgjithsh\u00ebm t\u00eb FA, e viteve 1998-2022, jan\u00eb involvuar n\u00eb politik\u00eb.<\/p>\n<p>Disa ministra. Disa deputet\u00eb e t\u00eb tjer\u00ebt prefekt\u00eb, disa t\u00eb tjer\u00eb drejtor\u00eb t\u00eb r\u00ebnd\u00ebsish\u00ebm n\u00eb shtet me t\u00eb drejt\u00eb firme p\u00ebr tendera disa miliona dollar\u00eb, apo p\u00ebr kolonel\u00eb drejtor\u00eb burgjesh. Ky mililitarizim\u00a0 i politik\u00ebs arrin kulmin me donacionet q\u00eb japin k\u00ebta syresh p\u00ebr politik\u00ebn.<\/p>\n<p>Kujtojm\u00eb se s\u2019jemi junt\u00eb. A do ta zbardh\u00eb SPAK-u t\u00eb v\u00ebrtet\u00ebn, p\u00ebr formularin e k\u00ebtyre gjeneral\u00ebve, si ushtarak\u00eb, si ministra, si prefekt\u00eb dhe si deputet\u00eb, dhe si drejtota p\u00ebr ti dh\u00ebn\u00eb fund akuzave jo zyrtare q\u00eb qarkullojn\u00eb ndaj tyre p\u00ebr pasuri t\u00eb m\u00ebdha dhe p\u00ebr donacione n\u00eb politik\u00eb.<\/p>","protected":false},"excerpt":{"rendered":"<p>Gazetari Bejdo Malo, publikon nj\u00eb foto t\u00eb selis\u00eb s\u00eb PD tani q\u00eb ajo i \u00ebsht\u00eb n\u00ebnshtruar procesit t\u00eb \u201c\u00e7blindimit\u201d dhe pyet n\u00ebse SPAK do t\u00eb hetoj\u00eb kryetarin e dor\u00ebhequr Lulzim Basha dhe sekretarin Gazment Bardhi. \u201cA do hetoj\u00eb SPAK-ku nd\u00ebrtimin pa leje me n\u00eb vler\u00ebn 40 mij\u00eb euro hekur dhe 32 mij\u00eb euro kamera t\u00eb [&hellip;]<\/p>\n","protected":false},"author":2030,"featured_media":247122,"comment_status":"closed","ping_status":"closed","sticky":false,"template":"","format":"standard","meta":{"footnotes":""},"categories":[241,3366,5380,231,1454],"tags":[],"class_list":{"0":"post-247121","1":"post","2":"type-post","3":"status-publish","4":"format-standard","5":"has-post-thumbnail","7":"category-aktualitet","8":"category-koment","9":"category-kryesore","10":"category-lajme","11":"category-politike"},"_links":{"self":[{"href":"https:\/\/zjarr.tv\/en\/wp-json\/wp\/v2\/posts\/247121","targetHints":{"allow":["GET"]}}],"collection":[{"href":"https:\/\/zjarr.tv\/en\/wp-json\/wp\/v2\/posts"}],"about":[{"href":"https:\/\/zjarr.tv\/en\/wp-json\/wp\/v2\/types\/post"}],"author":[{"embeddable":true,"href":"https:\/\/zjarr.tv\/en\/wp-json\/wp\/v2\/users\/2030"}],"replies":[{"embeddable":true,"href":"https:\/\/zjarr.tv\/en\/wp-json\/wp\/v2\/comments?post=247121"}],"version-history":[{"count":0,"href":"https:\/\/zjarr.tv\/en\/wp-json\/wp\/v2\/posts\/247121\/revisions"}],"wp:featuredmedia":[{"embeddable":true,"href":"https:\/\/zjarr.tv\/en\/wp-json\/wp\/v2\/media\/247122"}],"wp:attachment":[{"href":"https:\/\/zjarr.tv\/en\/wp-json\/wp\/v2\/media?parent=247121"}],"wp:term":[{"taxonomy":"category","embeddable":true,"href":"https:\/\/zjarr.tv\/en\/wp-json\/wp\/v2\/categories?post=247121"},{"taxonomy":"post_tag","embeddable":true,"href":"https:\/\/zjarr.tv\/en\/wp-json\/wp\/v2\/tags?post=247121"}],"curies":[{"name":"wp","href":"https:\/\/api.w.org\/{rel}","templated":true}]}}