{"id":247125,"date":"2022-03-28T13:09:02","date_gmt":"2022-03-28T11:09:02","guid":{"rendered":"https:\/\/zjarr.tv\/?p=247125"},"modified":"2022-03-28T13:09:02","modified_gmt":"2022-03-28T11:09:02","slug":"myslim-murrizi-del-me-deklaraten-e-forte-sali-berisha-me-non-grata-ishte-ne-97-en-se-tani","status":"publish","type":"post","link":"https:\/\/zjarr.tv\/en\/myslim-murrizi-del-me-deklaraten-e-forte-sali-berisha-me-non-grata-ishte-ne-97-en-se-tani\/","title":{"rendered":"Myslim Murrizi del me deklarat\u00ebn e fort\u00eb: Sali Berisha m\u00eb \u2018non grata\u2019 ishte n\u00eb \u201897-\u00ebn se tani"},"content":{"rendered":"<p>Ish-deputeti Myslim Murrizi ka komentuar sot zhvillimet m\u00eb t\u00eb fundit brenda partis\u00eb Demokratike. Murrizi i quan t\u00eb pritshme zhvillimet n\u00eb Partin\u00eb Demokratike, pas vendimit t\u00eb Gjykat\u00ebs s\u00eb Tiran\u00ebs, p\u00ebr regjistrimin e ndryshimeve n\u00eb statutin e partis\u00eb, t\u00eb miratuar n\u00eb Kuvendin e 11 dhjetorit.<\/p>\n<p>\u201c\u00cbsht\u00eb nj\u00eb nd\u00ebrrim kursi, natyrsh\u00ebm ndodh me at\u00eb q\u00eb fiton. Berisha \u00ebsht\u00eb fituesi i k\u00ebsaj beteje t\u00eb brendshme t\u00eb nisur formalisht m\u00eb 9 shtator, por q\u00eb realisht ka nisur nga dhjetori i 2018. Ishte mbledhja e grupit parlamentary, n\u00eb limitet kohore ku deputet\u00ebt kishin 6 muaj pa hyr\u00eb n\u00eb parlament dhe vinin v\u00ebrdall\u00eb jasht\u00eb kuvendit me marr\u00ebdh\u00ebnie t\u00eb kusht\u00ebzuar. Ka patur debate, sidomos nga shkurti i 2019, kur edhe nga heshtja e pothuajse 43 deputet\u00ebve t\u00eb asaj kohe q\u00eb jan\u00eb ndar\u00eb n\u00eb dy grupe, rebel\u00ebt e pas 9 shtatorit dhe pseudo-rebel\u00ebt e pas 6 marsit.\u201d, u shpreh Murrizi.<\/p>\n<p>Po ashtu ai n\u00ebnvizoi se nuk d\u00ebshiron q\u00eb t\u00eb ngat\u00ebrroj\u00eb kombin amerikan me \u00e7do individ q\u00eb vjen i pun\u00ebsuar qoft\u00eb edhe ambasadori amerikan.<\/p>\n<p>\u201cKemi pasur raste, q\u00eb pasi kan\u00eb ikur nga k\u00ebtu nuk kan\u00eb pip\u00ebtir\u00eb askund. T\u00eb m\u00eb thon\u00eb mua zogjt\u00eb e korrentit dhe bijt\u00eb e bllokut anti-amerikan\u00eb, kur un\u00eb kam qen\u00eb i rebeluar qysh n\u00eb referendum \u201894-\u00ebs. Jam rikthyer kur PD ra nga kali n\u00eb 2014 dhe jam dy her\u00eb deputet\u00eb.\u201d, tha ai.<\/p>\n<p>Murrizi deklaroi se Berisha ka qen\u00eb shum\u00eb m\u00eb \u201cnon grata\u201d de fakto n\u00eb vitin 1997, p\u00ebr nd\u00ebrkomb\u00ebtar\u00ebt por edhe p\u00ebr shqiptar\u00ebt.<\/p>\n<p>\u201cBesoj se dhe shpallja \u2018non grata\u2019 e Berish\u00ebs ka qen\u00eb e q\u00ebllimshme, p\u00ebr ta zgjuar, pasi mund t\u00eb kishte vazhduar nj\u00eb gjysm\u00eb mandat dhe do ikte. N\u00ebse nuk do ishte shpallur \u2018non grata\u2019 do shkonte dy her\u00eb n\u00eb muaj n\u00eb parlament deri n\u00eb 2025 dhe do t\u00eb fashitej.\u201d, u shpreh Murrizi.<\/p>","protected":false},"excerpt":{"rendered":"<p>Ish-deputeti Myslim Murrizi ka komentuar sot zhvillimet m\u00eb t\u00eb fundit brenda partis\u00eb Demokratike. Murrizi i quan t\u00eb pritshme zhvillimet n\u00eb Partin\u00eb Demokratike, pas vendimit t\u00eb Gjykat\u00ebs s\u00eb Tiran\u00ebs, p\u00ebr regjistrimin e ndryshimeve n\u00eb statutin e partis\u00eb, t\u00eb miratuar n\u00eb Kuvendin e 11 dhjetorit. \u201c\u00cbsht\u00eb nj\u00eb nd\u00ebrrim kursi, natyrsh\u00ebm ndodh me at\u00eb q\u00eb fiton. Berisha \u00ebsht\u00eb [&hellip;]<\/p>\n","protected":false},"author":2020,"featured_media":247126,"comment_status":"closed","ping_status":"closed","sticky":false,"template":"","format":"standard","meta":{"footnotes":""},"categories":[241,5380,231],"tags":[],"class_list":{"0":"post-247125","1":"post","2":"type-post","3":"status-publish","4":"format-standard","5":"has-post-thumbnail","7":"category-aktualitet","8":"category-kryesore","9":"category-lajme"},"_links":{"self":[{"href":"https:\/\/zjarr.tv\/en\/wp-json\/wp\/v2\/posts\/247125","targetHints":{"allow":["GET"]}}],"collection":[{"href":"https:\/\/zjarr.tv\/en\/wp-json\/wp\/v2\/posts"}],"about":[{"href":"https:\/\/zjarr.tv\/en\/wp-json\/wp\/v2\/types\/post"}],"author":[{"embeddable":true,"href":"https:\/\/zjarr.tv\/en\/wp-json\/wp\/v2\/users\/2020"}],"replies":[{"embeddable":true,"href":"https:\/\/zjarr.tv\/en\/wp-json\/wp\/v2\/comments?post=247125"}],"version-history":[{"count":0,"href":"https:\/\/zjarr.tv\/en\/wp-json\/wp\/v2\/posts\/247125\/revisions"}],"wp:featuredmedia":[{"embeddable":true,"href":"https:\/\/zjarr.tv\/en\/wp-json\/wp\/v2\/media\/247126"}],"wp:attachment":[{"href":"https:\/\/zjarr.tv\/en\/wp-json\/wp\/v2\/media?parent=247125"}],"wp:term":[{"taxonomy":"category","embeddable":true,"href":"https:\/\/zjarr.tv\/en\/wp-json\/wp\/v2\/categories?post=247125"},{"taxonomy":"post_tag","embeddable":true,"href":"https:\/\/zjarr.tv\/en\/wp-json\/wp\/v2\/tags?post=247125"}],"curies":[{"name":"wp","href":"https:\/\/api.w.org\/{rel}","templated":true}]}}