{"id":247128,"date":"2022-03-28T13:15:40","date_gmt":"2022-03-28T11:15:40","guid":{"rendered":"https:\/\/zjarr.tv\/?p=247128"},"modified":"2022-03-28T13:15:40","modified_gmt":"2022-03-28T11:15:40","slug":"irena-beqiraj-nje-lapsus-qe-gajas-por-nje-kosto-me-shume-per-fermeret","status":"publish","type":"post","link":"https:\/\/zjarr.tv\/en\/irena-beqiraj-nje-lapsus-qe-gajas-por-nje-kosto-me-shume-per-fermeret\/","title":{"rendered":"Irena Beqiraj: Nj\u00eb lapsus q\u00eb gajas , por nj\u00eb  kosto m\u00eb shum\u00eb p\u00ebr fermer\u00ebt!"},"content":{"rendered":"<p>Nga Irena Beqiraj<\/p>\n<p>Nje lapsus qe gajas, por nje fjali qe dhemb!<\/p>\n<p>Lapsusi i Ministres s\u00eb Buq\u00ebsis\u00eb ishte titull n\u00eb \u00e7do portal. Por fjalia e saj \u201c\u00ebsht\u00eb e r\u00ebnd\u00eb t\u00eb thuash se rritja e \u00e7mimeve nuk ka ardhur nga lufta\u201d vlen t\u00eb diskutohet m\u00eb shum\u00eb se lapsusi njer\u00ebzor .<\/p>\n<p>E them k\u00ebt\u00eb se ministrja e Buq\u00ebsis\u00eb \u00ebsht\u00eb nd\u00ebr t\u00eb paktat ekonomiste me p\u00ebrvoj\u00eb q\u00eb ka kabineti qeveritar. T\u00eb bind\u00ebsh veten edhe pastaj publikun \u201cq\u00eb rritja e \u00e7mimeve ka ardhur vet\u00ebm nga lufta\u201d nuk i shkon arsyetimit t\u00eb nj\u00eb ekonomisti mediok\u00ebr jo m\u00eb nj\u00eb ministri.<\/p>\n<p>Besoj se ministrja e di q\u00eb Inflacioni \u00ebsht\u00eb si temperatura e trupit \u2013 nuk \u00ebsht\u00eb nj\u00eb shkak, por nj\u00eb simptom\u00eb e problemeve t\u00eb mundshme themelore. Pra p\u00ebr ta trajtuar si\u00e7 duhet at\u00eb, s\u00eb pari duhet t\u00eb b\u00ebre nj\u00eb vler\u00ebsimin i sakt\u00eb klinik i arsyeve q\u00eb e kan\u00eb shkaktuar k\u00ebt\u00eb situat\u00eb.<\/p>\n<p>Q\u00eb pas rihapjes s\u00eb ekonomive pas bllokimeve t\u00eb COVID, inflacioni filloi t\u00eb b\u00ebhej nj\u00eb problem. Shenjat e para te inflacionit kan\u00eb filluar n\u00eb Mars t\u00eb vitit 2021 edhe q\u00eb prej tetorit 2021 , ka nisur diskutimi n\u00ebs\u00eb inflacioni ishte tranzitor apo do t\u00eb q\u00ebndronte gjat\u00eb . Mjaftuan vet\u00ebm 2 muaj edhe n\u00eb Dhjetor 2021 optimizmi ra . Bankat q\u00ebndrore duke p\u00ebrfshir\u00eb edhe Bank\u00ebn Q\u00ebndrore Shqiptare , e hoq\u00ebn nga narrativat e tyre fjal\u00ebn \u201ctranzitor\u201d edhe pranuan q\u00eb inflacioni do t\u00eb qendronte mes nesh deri n\u00eb 2023. Th\u00ebn\u00eb k\u00ebt\u00eb<\/p>\n<p>Pyetja q\u00eb duhet t\u00eb shqet\u00ebsonte \u00e7do ekonomist politik\u00ebb\u00ebr\u00ebs q\u00eb prej mesin t\u00eb 2021 (edhe Ministren e Buq\u00ebsis\u00eb) ishte p\u00ebrcaktimi i arsyes s\u00eb rritjes s\u00eb inflacionit. A u rrit ai si rezultat i stimulit t\u00eb tep\u00ebrt monetar, apo ishte ringjallja e k\u00ebrkes\u00ebs globale e cila tejkaloi aft\u00ebsin\u00eb e furnitor\u00ebve p\u00ebr t\u00eb p\u00ebrballuar k\u00ebrkes\u00ebn (e ashtuquajtura \u201c\u00e7arje apo penges\u00eb\u201d e zinxhirit t\u00eb furnizimit), e cila u kombinua edhe me rritjen e mpreht\u00eb t\u00eb \u00e7mimeve t\u00eb energjis\u00eb , shkaqet q\u00eb ushqyen inflacionin?<\/p>\n<p>P\u00ebrgjigjet e k\u00ebtyre pyetjeve p\u00ebrcaktojn\u00eb edhe mjetet me t\u00eb cilat p\u00ebrballohet situata . Fjalia e pare e ministres m\u00eb shq\u00ebtesoi pik\u00ebrisht sepse tregonte munges\u00ebn e k\u00ebsaj analize . Tregoi mohimit e shkaqeve t\u00eb inflacionit, edhe rrjedhimisht pamund\u00ebsi p\u00ebr ta kontrolluar .<\/p>\n<p>Nd\u00ebrkoh\u00eb q\u00eb Ministrja deklaronte q\u00eb \u00e7mimet jan\u00eb rritur p\u00ebr shkak t\u00eb luft\u00ebs , duke e konsideruar t\u00eb r\u00ebnd\u00eb\u00a0 \u00e7do pohim tjet\u00ebr , Banka e Shqip\u00ebris\u00eb rriti normat e interesit . Shkaku inflacionit i p\u00ebrshkruar nga ministrja , nuk \u201cmjekohet\u201d me rritjen e normave t\u00eb interesit. Kjo mosp\u00ebrputhje shkaqesh me mjetet e p\u00ebrdorura do t\u00eb ndikoj\u00eb tek fermer\u00ebt, t\u00eb cil\u00ebt jo vet\u00ebm jan\u00eb n\u00eb kushtet e shtrenjtimit apo edhe munges\u00ebs s\u00eb l\u00ebnd\u00ebs s\u00eb par\u00eb , por tani e tutje do t\u00eb p\u00ebrballen edhe me rritjen e kostos s\u00eb borxhit . Ndihma shtes\u00eb nga shteti \u00ebsht\u00eb 500 milion lek\u00eb. Nd\u00ebrsa u gajas\u00ebm me lapsusin e saj, nga sot kemi shtuar nj\u00eb kosto m\u00eb shum\u00eb p\u00ebr fermer\u00ebt.<\/p>","protected":false},"excerpt":{"rendered":"<p>Nga Irena Beqiraj Nje lapsus qe gajas, por nje fjali qe dhemb! Lapsusi i Ministres s\u00eb Buq\u00ebsis\u00eb ishte titull n\u00eb \u00e7do portal. Por fjalia e saj \u201c\u00ebsht\u00eb e r\u00ebnd\u00eb t\u00eb thuash se rritja e \u00e7mimeve nuk ka ardhur nga lufta\u201d vlen t\u00eb diskutohet m\u00eb shum\u00eb se lapsusi njer\u00ebzor . E them k\u00ebt\u00eb se ministrja e [&hellip;]<\/p>\n","protected":false},"author":2030,"featured_media":247130,"comment_status":"closed","ping_status":"closed","sticky":false,"template":"","format":"standard","meta":{"footnotes":""},"categories":[241,3366,5380,231],"tags":[],"class_list":{"0":"post-247128","1":"post","2":"type-post","3":"status-publish","4":"format-standard","5":"has-post-thumbnail","7":"category-aktualitet","8":"category-koment","9":"category-kryesore","10":"category-lajme"},"_links":{"self":[{"href":"https:\/\/zjarr.tv\/en\/wp-json\/wp\/v2\/posts\/247128","targetHints":{"allow":["GET"]}}],"collection":[{"href":"https:\/\/zjarr.tv\/en\/wp-json\/wp\/v2\/posts"}],"about":[{"href":"https:\/\/zjarr.tv\/en\/wp-json\/wp\/v2\/types\/post"}],"author":[{"embeddable":true,"href":"https:\/\/zjarr.tv\/en\/wp-json\/wp\/v2\/users\/2030"}],"replies":[{"embeddable":true,"href":"https:\/\/zjarr.tv\/en\/wp-json\/wp\/v2\/comments?post=247128"}],"version-history":[{"count":0,"href":"https:\/\/zjarr.tv\/en\/wp-json\/wp\/v2\/posts\/247128\/revisions"}],"wp:featuredmedia":[{"embeddable":true,"href":"https:\/\/zjarr.tv\/en\/wp-json\/wp\/v2\/media\/247130"}],"wp:attachment":[{"href":"https:\/\/zjarr.tv\/en\/wp-json\/wp\/v2\/media?parent=247128"}],"wp:term":[{"taxonomy":"category","embeddable":true,"href":"https:\/\/zjarr.tv\/en\/wp-json\/wp\/v2\/categories?post=247128"},{"taxonomy":"post_tag","embeddable":true,"href":"https:\/\/zjarr.tv\/en\/wp-json\/wp\/v2\/tags?post=247128"}],"curies":[{"name":"wp","href":"https:\/\/api.w.org\/{rel}","templated":true}]}}