{"id":247135,"date":"2022-03-28T13:22:24","date_gmt":"2022-03-28T11:22:24","guid":{"rendered":"https:\/\/zjarr.tv\/?p=247135"},"modified":"2022-03-28T13:22:24","modified_gmt":"2022-03-28T11:22:24","slug":"vdekja-e-te-riut-ne-komisariatin-e-kamzes-deputetja-e-pd-kerkon-ne-komisionin-e-ligjeve-bledi-cucin-dhe-gledis-nanon-ngjarja-tragjike-i-vendos-kapakun-papergjegjshmerise-se","status":"publish","type":"post","link":"https:\/\/zjarr.tv\/en\/vdekja-e-te-riut-ne-komisariatin-e-kamzes-deputetja-e-pd-kerkon-ne-komisionin-e-ligjeve-bledi-cucin-dhe-gledis-nanon-ngjarja-tragjike-i-vendos-kapakun-papergjegjshmerise-se\/","title":{"rendered":"Vdekja e t\u00eb riut n\u00eb Komisariatin e Kamz\u00ebs\/ Deputetja e PD k\u00ebrkon n\u00eb komisionin e Ligjeve Bledi \u00c7u\u00e7in dhe Gledis Nanon: Ngjarja tragjike i vendos kapakun pap\u00ebrgjegjshm\u00ebris\u00eb s\u00eb\u2026"},"content":{"rendered":"<p>Deputetja e PD, Dhurata \u00c7upi ka k\u00ebrkuar q\u00eb ministri i Brendsh\u00ebm dhe drejtori i P\u00ebrgjithsh\u00ebm i Policis\u00eb s\u00eb Shtetit t\u00eb raportojn\u00eb n\u00eb Komisionin e Ligjeve pas ngjarjes s\u00eb r\u00ebnd\u00eb q\u00eb ndodhi n\u00eb ambientet e Komisariatit 5 n\u00eb Kamz\u00eb ku humbi jet\u00ebn p\u00ebr shkak t\u00eb zjarrit, 26 vje\u00e7ari Arben Mici. Ky i fundit sipas hetimeve t\u00eb deritanishme, \u00ebsht\u00eb i dyshuar se ka vendosur zjarrin s\u00eb bashku me nj\u00eb t\u00eb shoq\u00ebruar tjet\u00ebr.<\/p>\n<p>Nj\u00eb ngjarje tragjike e quajti deputetja \u00c7upi dhe k\u00ebrkoi reflektim, nd\u00ebrsa akuzoi institucionet p\u00ebr pap\u00ebrgjegjshm\u00ebri.<\/p>\n<p>\u201cUn\u00eb ju k\u00ebrkoj e do e b\u00ebjm\u00eb dhe me shkrim q\u00eb t\u00eb kemi informacionin e duhur e t\u00eb vij\u00eb n\u00eb komisionin e ligjeve ministri i Brendsh\u00ebm Avokati i Popullit dhe drejtori i P\u00ebrgjithsh\u00ebm i Policis\u00eb t\u00eb japin informacionin e duhur si organet p\u00ebrgjegj\u00ebse p\u00ebr k\u00ebt\u00eb c\u00ebshtje.<\/p>\n<p>Ju kujtoj q\u00eb ka pasur raporte t\u00eb Avokatit t\u00eb Popullit, jo m\u00eb larg se nj\u00eb muaj nj\u00eb raport. Jan\u00eb k\u00ebrkuar marrje masash t\u00eb menj\u00ebhershme, jan\u00eb 10 pika rekomandime vet\u00ebm p\u00ebr inspektimin n\u00eb komisariatin num\u00ebr 5.<\/p>\n<p>Ndjehet duket qart\u00eb pap\u00ebrgjegjshmeria e institucioneve p\u00ebrgjegj\u00ebse ku pastaj ngjarja tragjike i vendos kapakun k\u00ebsaj pap\u00ebrgjegjshm\u00ebrie. Ju ftoj q\u00eb k\u00ebrkes\u00ebs son\u00eb ti bashkangjitet dhe k\u00ebrkesa juaj.<\/p>\n<p>Humbja e jet\u00ebs s\u00eb nj\u00eb t\u00eb riu \u00ebsht\u00eb tragjike nuk mund t\u00eb l\u00ebm\u00eb pa p\u00ebrgjegj\u00ebsi k\u00ebt\u00eb pun\u00eb q\u00eb n\u00eb vijim t\u00eb mos ndodhin ngjarje t\u00eb reja\u201c, tha deputetja demokrate.<\/p>\n<p>Nd\u00ebrkoh\u00eb q\u00eb kryetarja e komisionit t\u00eb Ligjeve, Klotilda Bushka tha se do t\u00eb b\u00ebhet k\u00ebrkes\u00eb q\u00eb ministri dhe drejtori i Policis\u00eb t\u00eb raportojn\u00eb n\u00eb komision, por theksoi se hetimet kan\u00eb nisur dhe po vijojn\u00eb p\u00ebr ngjarjen.<\/p>\n<p>\u201cNj\u00eb ngjarje v\u00ebrtet e r\u00ebnd\u00eb p\u00ebr t\u00eb cil\u00ebn t\u00eb gjith\u00eb ndajm\u00eb t\u00eb nj\u00ebjtin q\u00ebndrim, shprehim<\/p>\n<p>ngush\u00ebllime. Un\u00eb vet n\u00eb cil\u00ebsin\u00eb si kryetare jam informuar q\u00eb jo vet\u00ebm hetimi i brendsh\u00ebm \u00ebsht\u00eb kryer e \u00ebsht\u00eb duke u zgjeruar dhe organet e drejt\u00ebsis\u00eb jan\u00eb duke vepruar n\u00eb k\u00ebt\u00eb drejtim.<\/p>\n<p>K\u00ebtij komisioni cfar\u00eb i k\u00ebrkon rregullorja si mund\u00ebsi do i ezauroj\u00eb me q\u00ebllim p\u00ebrmir\u00ebsimin e situatave. Do jemi n\u00eb kontakt p\u00ebr k\u00ebrkesat q\u00eb kemi lidhur me k\u00ebt\u00eb \u00e7\u00ebshtje\u201d.<\/p>","protected":false},"excerpt":{"rendered":"<p>Deputetja e PD, Dhurata \u00c7upi ka k\u00ebrkuar q\u00eb ministri i Brendsh\u00ebm dhe drejtori i P\u00ebrgjithsh\u00ebm i Policis\u00eb s\u00eb Shtetit t\u00eb raportojn\u00eb n\u00eb Komisionin e Ligjeve pas ngjarjes s\u00eb r\u00ebnd\u00eb q\u00eb ndodhi n\u00eb ambientet e Komisariatit 5 n\u00eb Kamz\u00eb ku humbi jet\u00ebn p\u00ebr shkak t\u00eb zjarrit, 26 vje\u00e7ari Arben Mici. Ky i fundit sipas hetimeve t\u00eb [&hellip;]<\/p>\n","protected":false},"author":2030,"featured_media":247138,"comment_status":"closed","ping_status":"closed","sticky":false,"template":"","format":"standard","meta":{"footnotes":""},"categories":[241,3366,231,1454],"tags":[],"class_list":{"0":"post-247135","1":"post","2":"type-post","3":"status-publish","4":"format-standard","5":"has-post-thumbnail","7":"category-aktualitet","8":"category-koment","9":"category-lajme","10":"category-politike"},"_links":{"self":[{"href":"https:\/\/zjarr.tv\/en\/wp-json\/wp\/v2\/posts\/247135","targetHints":{"allow":["GET"]}}],"collection":[{"href":"https:\/\/zjarr.tv\/en\/wp-json\/wp\/v2\/posts"}],"about":[{"href":"https:\/\/zjarr.tv\/en\/wp-json\/wp\/v2\/types\/post"}],"author":[{"embeddable":true,"href":"https:\/\/zjarr.tv\/en\/wp-json\/wp\/v2\/users\/2030"}],"replies":[{"embeddable":true,"href":"https:\/\/zjarr.tv\/en\/wp-json\/wp\/v2\/comments?post=247135"}],"version-history":[{"count":0,"href":"https:\/\/zjarr.tv\/en\/wp-json\/wp\/v2\/posts\/247135\/revisions"}],"wp:featuredmedia":[{"embeddable":true,"href":"https:\/\/zjarr.tv\/en\/wp-json\/wp\/v2\/media\/247138"}],"wp:attachment":[{"href":"https:\/\/zjarr.tv\/en\/wp-json\/wp\/v2\/media?parent=247135"}],"wp:term":[{"taxonomy":"category","embeddable":true,"href":"https:\/\/zjarr.tv\/en\/wp-json\/wp\/v2\/categories?post=247135"},{"taxonomy":"post_tag","embeddable":true,"href":"https:\/\/zjarr.tv\/en\/wp-json\/wp\/v2\/tags?post=247135"}],"curies":[{"name":"wp","href":"https:\/\/api.w.org\/{rel}","templated":true}]}}