{"id":247272,"date":"2022-03-28T17:14:57","date_gmt":"2022-03-28T15:14:57","guid":{"rendered":"https:\/\/zjarr.tv\/?p=247272"},"modified":"2022-03-28T17:14:57","modified_gmt":"2022-03-28T15:14:57","slug":"me-31-mars-mbyllet-procesi-i-keshillimit-kombetar-rama-tregon-sa-qytetare-kane-dhene-opinionet-e-tyre-permes-pyetesorit","status":"publish","type":"post","link":"https:\/\/zjarr.tv\/en\/me-31-mars-mbyllet-procesi-i-keshillimit-kombetar-rama-tregon-sa-qytetare-kane-dhene-opinionet-e-tyre-permes-pyetesorit\/","title":{"rendered":"M\u00eb 31 mars mbyllet procesi i K\u00ebshillimit Komb\u00ebtar, Rama tregon sa qytetar\u00eb kan\u00eb dh\u00ebn\u00eb opinionet e tyre p\u00ebrmes pyet\u00ebsorit"},"content":{"rendered":"<p>Kryeministri Edi Rama b\u00ebn me dije \u00a0se m\u00eb 31 Mars, mbyllet procesi i K\u00ebshillimit Komb\u00ebtar. Q\u00eb prej muajit Janar 513,790 qytetar\u00eb kan\u00eb dh\u00ebn\u00eb opinionet e tyre p\u00ebr secil\u00ebn nga temat e pyet\u00ebsorit.<\/p>\n<p>Rama thot\u00eb se kush nuk e ka plot\u00ebsuar ende pyet\u00ebsorin, ka edhe disa dit\u00eb afat p\u00ebr t\u2019iu bashkuar nism\u00ebs p\u00ebr t\u00eb dh\u00ebn\u00eb opinionin e tij.<\/p>\n<p>\u201cM\u00eb 31 mars mbyllet procesi i K\u00ebshillimit Komb\u00ebtar, ku prej muajit janar p\u00ebrtej t\u00eb gjitha pritshm\u00ebrive, 513,790 qytetar\u00eb kan\u00eb dh\u00ebn\u00eb opinionet e tyre p\u00ebr secil\u00ebn nga temat e pyet\u00ebsorit ton\u00eb<\/p>\n<p>Kush ende nuk \u00ebsht\u00eb p\u00ebrfshir\u00eb ka t\u00eb gjith\u00eb mir\u00ebkuptimin ton\u00eb dhe n\u00eb \u00e7do rast, ka edhe disa dit\u00eb q\u00eb t\u00eb mundet t\u2019i bashkohet nism\u00ebs p\u00ebr t\u00eb dh\u00ebn\u00eb opinionet e veta, p\u00ebrmes platform\u00ebs\u00a0<a href=\"http:\/\/www.keshillimikombetar.al\/?fbclid=IwAR01pX6Xo49qGcN2YJZpV1D0AmAAafDPmsVQD9KksjOd4wIy91LQHN8G3jg\">www.keshillimikombetar.al<\/a>\u00a0apo duke kthyer me post\u00eb pyet\u00ebsor\u00ebt e plot\u00ebsuar\u201d,\u00a0 shkruan Rama.<\/p>","protected":false},"excerpt":{"rendered":"<p>Kryeministri Edi Rama b\u00ebn me dije \u00a0se m\u00eb 31 Mars, mbyllet procesi i K\u00ebshillimit Komb\u00ebtar. Q\u00eb prej muajit Janar 513,790 qytetar\u00eb kan\u00eb dh\u00ebn\u00eb opinionet e tyre p\u00ebr secil\u00ebn nga temat e pyet\u00ebsorit. Rama thot\u00eb se kush nuk e ka plot\u00ebsuar ende pyet\u00ebsorin, ka edhe disa dit\u00eb afat p\u00ebr t\u2019iu bashkuar nism\u00ebs p\u00ebr t\u00eb dh\u00ebn\u00eb opinionin [&hellip;]<\/p>\n","protected":false},"author":2030,"featured_media":247274,"comment_status":"closed","ping_status":"closed","sticky":false,"template":"","format":"standard","meta":{"footnotes":""},"categories":[241,3366,5380,231,1454],"tags":[],"class_list":{"0":"post-247272","1":"post","2":"type-post","3":"status-publish","4":"format-standard","5":"has-post-thumbnail","7":"category-aktualitet","8":"category-koment","9":"category-kryesore","10":"category-lajme","11":"category-politike"},"_links":{"self":[{"href":"https:\/\/zjarr.tv\/en\/wp-json\/wp\/v2\/posts\/247272","targetHints":{"allow":["GET"]}}],"collection":[{"href":"https:\/\/zjarr.tv\/en\/wp-json\/wp\/v2\/posts"}],"about":[{"href":"https:\/\/zjarr.tv\/en\/wp-json\/wp\/v2\/types\/post"}],"author":[{"embeddable":true,"href":"https:\/\/zjarr.tv\/en\/wp-json\/wp\/v2\/users\/2030"}],"replies":[{"embeddable":true,"href":"https:\/\/zjarr.tv\/en\/wp-json\/wp\/v2\/comments?post=247272"}],"version-history":[{"count":0,"href":"https:\/\/zjarr.tv\/en\/wp-json\/wp\/v2\/posts\/247272\/revisions"}],"wp:featuredmedia":[{"embeddable":true,"href":"https:\/\/zjarr.tv\/en\/wp-json\/wp\/v2\/media\/247274"}],"wp:attachment":[{"href":"https:\/\/zjarr.tv\/en\/wp-json\/wp\/v2\/media?parent=247272"}],"wp:term":[{"taxonomy":"category","embeddable":true,"href":"https:\/\/zjarr.tv\/en\/wp-json\/wp\/v2\/categories?post=247272"},{"taxonomy":"post_tag","embeddable":true,"href":"https:\/\/zjarr.tv\/en\/wp-json\/wp\/v2\/tags?post=247272"}],"curies":[{"name":"wp","href":"https:\/\/api.w.org\/{rel}","templated":true}]}}