{"id":247281,"date":"2022-03-28T17:19:42","date_gmt":"2022-03-28T15:19:42","guid":{"rendered":"https:\/\/zjarr.tv\/?p=247281"},"modified":"2022-03-28T17:19:42","modified_gmt":"2022-03-28T15:19:42","slug":"dash-sula-ben-deklaraten-e-forte-basha-ka-nje-bllok-qe-do-ia-dorezoje-berishes-gjate-5-oreve-ne-mbledhje-nuk-beri-asnje-debat-mbajti-shenim-cdo-gje-qe-ne-thame","status":"publish","type":"post","link":"https:\/\/zjarr.tv\/en\/dash-sula-ben-deklaraten-e-forte-basha-ka-nje-bllok-qe-do-ia-dorezoje-berishes-gjate-5-oreve-ne-mbledhje-nuk-beri-asnje-debat-mbajti-shenim-cdo-gje-qe-ne-thame\/","title":{"rendered":"Dash Sula b\u00ebn deklarat\u00ebn e fort\u00eb: Basha ka nj\u00eb bllok q\u00eb do ia dor\u00ebzoj\u00eb Berish\u00ebs! Gjat\u00eb 5 or\u00ebve n\u00eb mbledhje nuk b\u00ebri asnj\u00eb debat, mbajti sh\u00ebnim \u00e7do gj\u00eb q\u00eb ne tham\u00eb"},"content":{"rendered":"<p>Deputeti demokrat, Dashnor Sula, ka deklaruar se ish-kryetari i PD-s\u00eb Lulzim Basha ka qen\u00eb hija e ish-kryeministrit Sali Berisha. Sula ka treguar se n\u00eb mbledhjet e nj\u00eb pas nj\u00ebshme n\u00eb Partin\u00eb Demokratike Basha nuk b\u00ebnte asnj\u00eb lloj debate, por vet\u00ebm mbante sh\u00ebnime n\u00eb nj\u00eb bllok.<\/p>\n<p>K\u00ebt\u00eb bllok sh\u00ebnimesh sipas Sul\u00ebs, ish-kreu i PD-s\u00eb ia ka dor\u00ebzuar liderit t\u00eb p\u00ebrjetsh\u00ebm t\u00eb PD-s\u00eb, duke iu referuar k\u00ebshtu Sali Berish\u00ebs.<\/p>\n<p>M\u00eb b\u00ebri p\u00ebrshtypje se gjat\u00eb 5 or\u00ebve Basha nuk debatoi me nj\u00eb deputet. Dhe vet\u00ebm shkruante. Dhe n\u00eb momentin q\u00eb fliste shpejt dikush, Basha u thoshte q\u00eb prit mos flit shpejt se do e shkruaj k\u00ebt\u00eb.\u00a0 I merrte t\u00eb gjitha sh\u00ebnim, 5 or\u00eb. Nuk u kuq, nuk u verdh dhe aq m\u00eb tep\u00ebr p\u00ebr t\u2019u nxir\u00eb. Kurr\u00eb nuk b\u00ebri debat dhe vet\u00ebm shkruante. U kam th\u00ebn\u00eb q\u00eb Basha duhet ta ket\u00eb temperatur\u00ebn e trupi 35 grad\u00eb. \u00cbsht\u00eb i ftoht\u00eb, nuk kuqet nuk zverdhet nuk i l\u00ebviz nervi \u00ebsht\u00eb rast p\u00ebr studim.<\/p>\n<p>M\u00eb 12 mars kam folur 35 minuta n\u00eb mbledhje dhe Basha vet\u00ebm shkruante dhe i mbajti sh\u00ebnime. Arsyeja se pse Basha ka mbajtur sh\u00ebnim n\u00eb bllokun e tij, t\u00eb gjitha fjal\u00eb nga data 7 mars deri n\u00eb m\u00eb 12 mars \u00ebsht\u00eb q\u00eb ai t\u00eb jet\u00eb nj\u00eb bllok q\u00eb do i dor\u00ebzohet kryetarit t\u00eb p\u00ebrjetsh\u00ebm t\u00eb PD. Ky bllok \u00ebsht\u00eb q\u00eb nj\u00eb kopje e ka zoti Basha dhe nj\u00eb kopje t\u00eb jet\u00eb dor\u00ebzuar n\u00eb nj\u00eb vend tjet\u00ebr p\u00ebr t\u00eb kuptuar \u00e7asjen dhe sjelljen t\u00eb secilit deputete, se si do t\u00eb jet\u00eb gjendja tani n\u00eb PD dhe Grupin Parlamentar. Un\u00eb e shoh t\u00eb zymt\u00eb. Dhe deklarata q\u00eb \u00ebsht\u00eb unifikuar nuk \u00ebsht\u00eb e v\u00ebrtet\u00eb,\u201d ka th\u00ebn\u00eb Sula.<\/p>","protected":false},"excerpt":{"rendered":"<p>Deputeti demokrat, Dashnor Sula, ka deklaruar se ish-kryetari i PD-s\u00eb Lulzim Basha ka qen\u00eb hija e ish-kryeministrit Sali Berisha. Sula ka treguar se n\u00eb mbledhjet e nj\u00eb pas nj\u00ebshme n\u00eb Partin\u00eb Demokratike Basha nuk b\u00ebnte asnj\u00eb lloj debate, por vet\u00ebm mbante sh\u00ebnime n\u00eb nj\u00eb bllok. K\u00ebt\u00eb bllok sh\u00ebnimesh sipas Sul\u00ebs, ish-kreu i PD-s\u00eb ia ka [&hellip;]<\/p>\n","protected":false},"author":2030,"featured_media":247282,"comment_status":"closed","ping_status":"closed","sticky":false,"template":"","format":"standard","meta":{"footnotes":""},"categories":[241,3366,5380,231,1454],"tags":[],"class_list":{"0":"post-247281","1":"post","2":"type-post","3":"status-publish","4":"format-standard","5":"has-post-thumbnail","7":"category-aktualitet","8":"category-koment","9":"category-kryesore","10":"category-lajme","11":"category-politike"},"_links":{"self":[{"href":"https:\/\/zjarr.tv\/en\/wp-json\/wp\/v2\/posts\/247281","targetHints":{"allow":["GET"]}}],"collection":[{"href":"https:\/\/zjarr.tv\/en\/wp-json\/wp\/v2\/posts"}],"about":[{"href":"https:\/\/zjarr.tv\/en\/wp-json\/wp\/v2\/types\/post"}],"author":[{"embeddable":true,"href":"https:\/\/zjarr.tv\/en\/wp-json\/wp\/v2\/users\/2030"}],"replies":[{"embeddable":true,"href":"https:\/\/zjarr.tv\/en\/wp-json\/wp\/v2\/comments?post=247281"}],"version-history":[{"count":0,"href":"https:\/\/zjarr.tv\/en\/wp-json\/wp\/v2\/posts\/247281\/revisions"}],"wp:featuredmedia":[{"embeddable":true,"href":"https:\/\/zjarr.tv\/en\/wp-json\/wp\/v2\/media\/247282"}],"wp:attachment":[{"href":"https:\/\/zjarr.tv\/en\/wp-json\/wp\/v2\/media?parent=247281"}],"wp:term":[{"taxonomy":"category","embeddable":true,"href":"https:\/\/zjarr.tv\/en\/wp-json\/wp\/v2\/categories?post=247281"},{"taxonomy":"post_tag","embeddable":true,"href":"https:\/\/zjarr.tv\/en\/wp-json\/wp\/v2\/tags?post=247281"}],"curies":[{"name":"wp","href":"https:\/\/api.w.org\/{rel}","templated":true}]}}