{"id":247293,"date":"2022-03-28T17:48:00","date_gmt":"2022-03-28T15:48:00","guid":{"rendered":"https:\/\/zjarr.tv\/?p=247293"},"modified":"2022-03-28T17:48:00","modified_gmt":"2022-03-28T15:48:00","slug":"vendimi-i-gjykates-ishte-i-pavlefshem-ngjela-pd-ligjore-eshte-ajo-qe-ka-kryetarin-e-komanduar","status":"publish","type":"post","link":"https:\/\/zjarr.tv\/en\/vendimi-i-gjykates-ishte-i-pavlefshem-ngjela-pd-ligjore-eshte-ajo-qe-ka-kryetarin-e-komanduar\/","title":{"rendered":"\u201cVendimi i gjykat\u00ebs ishte i pavlefsh\u00ebm\u201d, Ngjela: PD ligjore \u00ebsht\u00eb ajo q\u00eb ka kryetarin e komanduar"},"content":{"rendered":"<p>Avokati Spartak Ngjela ka qen\u00eb sot n\u00eb nj\u00eb lidhje \u201cSkype\u201d p\u00ebr Faxnews p\u00ebr t\u00eb folur rreth zhvillimeve m\u00eb t\u00eb fundit n\u00eb selin\u00eb blu.<\/p>\n<p>Ngjela tha se dor\u00ebheqja e Bash\u00ebs ishte di\u00e7ka e duhur nd\u00ebrsa shtoi Komisioni i Rithemelimit nuk \u00ebsht\u00eb Partia Demokratike.<\/p>\n<p>Sipas Ngjel\u00ebs, PD ligjore \u00ebsht\u00eb ajo q\u00eb ka kryetarin e komanduar.<\/p>\n<p>Nd\u00ebr t\u00eb tjera duke u ndalur te vendimi i gjykat\u00ebs q\u00eb njohu kuvendin e 11 dhjetorit, Ngjela tha se gjyqtari ka b\u00ebr\u00eb vep\u00ebr penale.<\/p>\n<p>Pjes\u00eb nga intervista:<\/p>\n<p>\u201cAi hyri p\u00ebr t\u00eb matur veten, n\u00ebse do vazhdonte do i fironte grupi parlamentar, mir\u00eb b\u00ebre q\u00eb dha dor\u00ebheqjen. PD \u00ebsht\u00eb ajo ligjore, t\u00eb tjerat jan\u00eb kot, nuk jan\u00eb t\u00eb regjistruara, l\u00ebre se ca thon\u00eb ata q\u00eb na pranoi gjykata, partia \u00ebsht\u00eb person juridik, si nj\u00eb kompani tregtare\u201d.<\/p>\n<p>Vendimi i gjykat\u00ebs ?<\/p>\n<p>\u201cJuridikisht \u00ebsht\u00eb akt i pavlefsh\u00ebm se di p\u00ebr k\u00eb parti\u00a0 e ka. Ai gjyqtar ka b\u00ebr\u00eb vep\u00ebr penale, nuk gaboj un\u00eb, ai gjyqtar q\u00eb ka regjistruar nj\u00eb kongres t\u00eb nj\u00eb l\u00ebvizje q\u00eb nuk \u00ebsht\u00eb prti p\u00ebrb\u00ebn vep\u00ebr penale, n\u00ebse shkon apo jo nuk e di, e di SPAK.<\/p>\n<p>Nuk ka nevoj\u00eb PD aktuale t\u00eb njihet nga struktutra jasht\u00eb partis\u00eb, \u00ebsht\u00eb person juridik, ndaj se can kok\u00ebn Alibeaj. PD e drejton Alibeaj, \u00ebsht\u00eb treguar liberal. L\u00ebrini pasionet personale, PD \u00ebsht\u00eb sistem jurdik, at\u00eb njeh sistemi ligjor, e njihin Saliun ju? Gjith\u00eb jet\u00ebn anti-ligjor, nuk respekton ligjet.<\/p>\n<p>Gjykata su ka njohur asgj\u00eb, rrezikon vepr\u00ebn penale. Alibeja i ka th\u00ebn\u00eb nuk je person juridik.<\/p>\n<p>N\u00ebse Saliu\u00a0 e merr me dhun\u00eb do jet\u00eb fitore, do e shpalli Washingtoni organizat\u00eb terroriste. Sali Berisha \u00ebsht\u00eb p\u00ebrjashtuar nga PD n\u00eb kongres.<\/p>\n<p>Po iu shk\u00ebrmoqet partia, per\u00ebdimi nuk pranon Berish\u00ebn. Do dali PD kund\u00ebr per\u00ebndimit?\u201d<\/p>","protected":false},"excerpt":{"rendered":"<p>Avokati Spartak Ngjela ka qen\u00eb sot n\u00eb nj\u00eb lidhje \u201cSkype\u201d p\u00ebr Faxnews p\u00ebr t\u00eb folur rreth zhvillimeve m\u00eb t\u00eb fundit n\u00eb selin\u00eb blu. Ngjela tha se dor\u00ebheqja e Bash\u00ebs ishte di\u00e7ka e duhur nd\u00ebrsa shtoi Komisioni i Rithemelimit nuk \u00ebsht\u00eb Partia Demokratike. Sipas Ngjel\u00ebs, PD ligjore \u00ebsht\u00eb ajo q\u00eb ka kryetarin e komanduar. Nd\u00ebr t\u00eb [&hellip;]<\/p>\n","protected":false},"author":2030,"featured_media":247294,"comment_status":"closed","ping_status":"closed","sticky":false,"template":"","format":"standard","meta":{"footnotes":""},"categories":[241,3366,5380,231],"tags":[],"class_list":{"0":"post-247293","1":"post","2":"type-post","3":"status-publish","4":"format-standard","5":"has-post-thumbnail","7":"category-aktualitet","8":"category-koment","9":"category-kryesore","10":"category-lajme"},"_links":{"self":[{"href":"https:\/\/zjarr.tv\/en\/wp-json\/wp\/v2\/posts\/247293","targetHints":{"allow":["GET"]}}],"collection":[{"href":"https:\/\/zjarr.tv\/en\/wp-json\/wp\/v2\/posts"}],"about":[{"href":"https:\/\/zjarr.tv\/en\/wp-json\/wp\/v2\/types\/post"}],"author":[{"embeddable":true,"href":"https:\/\/zjarr.tv\/en\/wp-json\/wp\/v2\/users\/2030"}],"replies":[{"embeddable":true,"href":"https:\/\/zjarr.tv\/en\/wp-json\/wp\/v2\/comments?post=247293"}],"version-history":[{"count":0,"href":"https:\/\/zjarr.tv\/en\/wp-json\/wp\/v2\/posts\/247293\/revisions"}],"wp:featuredmedia":[{"embeddable":true,"href":"https:\/\/zjarr.tv\/en\/wp-json\/wp\/v2\/media\/247294"}],"wp:attachment":[{"href":"https:\/\/zjarr.tv\/en\/wp-json\/wp\/v2\/media?parent=247293"}],"wp:term":[{"taxonomy":"category","embeddable":true,"href":"https:\/\/zjarr.tv\/en\/wp-json\/wp\/v2\/categories?post=247293"},{"taxonomy":"post_tag","embeddable":true,"href":"https:\/\/zjarr.tv\/en\/wp-json\/wp\/v2\/tags?post=247293"}],"curies":[{"name":"wp","href":"https:\/\/api.w.org\/{rel}","templated":true}]}}