{"id":247306,"date":"2022-03-28T18:04:19","date_gmt":"2022-03-28T16:04:19","guid":{"rendered":"https:\/\/zjarr.tv\/?p=247306"},"modified":"2022-03-28T18:04:19","modified_gmt":"2022-03-28T16:04:19","slug":"roman-abramovich-dhe-negociatoret-ukrainas-me-simptoma-helmimi-pas-takimit-ne-kiev","status":"publish","type":"post","link":"https:\/\/zjarr.tv\/en\/roman-abramovich-dhe-negociatoret-ukrainas-me-simptoma-helmimi-pas-takimit-ne-kiev\/","title":{"rendered":"Roman Abramovich dhe negociator\u00ebt ukrainas me simptoma helmimi, pas takimit n\u00eb Kiev"},"content":{"rendered":"<p>Oligarku rus Roman Abramovich dhe negociator\u00ebt ukrainas p\u00ebr paqe shfaq\u00ebn simptoma helmimi pas nj\u00eb takimi n\u00eb Kiev n\u00eb fillim t\u00eb marsit.<\/p>\n<p>Lajmin e kan\u00eb b\u00ebr\u00eb me dije njer\u00ebz q\u00eb kan\u00eb dijeni p\u00ebr \u00e7\u00ebshtjen, raporton gazeta amerikane Wall Street Journal.<\/p>\n<p>Pas takimit n\u00eb kryeqytetin e Ukrain\u00ebs, Abramovich, i cili ka udh\u00ebtuar n\u00eb Kiev dhe Mosk\u00eb n\u00eb p\u00ebrpjekje p\u00ebr t\u00eb negociuar konfliktin, s\u00eb bashku me dy an\u00ebtar\u00eb t\u00eb lart\u00eb t\u00eb ekipit ukrainas, shfaq\u00ebn simptoma q\u00eb p\u00ebrfshinin djegie t\u00eb syve, lot\u00eb dhe irritim t\u00eb l\u00ebkur\u00ebs n\u00eb fytyr\u00eb dhe duart e tyre.<\/p>\n<p>Abramovich ishte nj\u00eb prej disa oligark\u00ebve rus\u00eb q\u00eb i shfaqi k\u00ebto simptoma gjat\u00eb nj\u00eb takimi t\u00eb nivelit t\u00eb lart\u00eb n\u00eb Kiev.<\/p>\n<p>N\u00eb artikull pretendohet se presidenti ukrainas Volodymyr Zelensky \u00ebsht\u00eb takuar koh\u00ebt e fundit me Abramovich, por thuhet se nuk \u00ebsht\u00eb prekur, nd\u00ebrsa jeta e pronarit t\u00eb Chelsea nuk besohet t\u00eb jet\u00eb n\u00eb rrezik.<\/p>","protected":false},"excerpt":{"rendered":"<p>Oligarku rus Roman Abramovich dhe negociator\u00ebt ukrainas p\u00ebr paqe shfaq\u00ebn simptoma helmimi pas nj\u00eb takimi n\u00eb Kiev n\u00eb fillim t\u00eb marsit. Lajmin e kan\u00eb b\u00ebr\u00eb me dije njer\u00ebz q\u00eb kan\u00eb dijeni p\u00ebr \u00e7\u00ebshtjen, raporton gazeta amerikane Wall Street Journal. Pas takimit n\u00eb kryeqytetin e Ukrain\u00ebs, Abramovich, i cili ka udh\u00ebtuar n\u00eb Kiev dhe Mosk\u00eb n\u00eb [&hellip;]<\/p>\n","protected":false},"author":2030,"featured_media":247307,"comment_status":"closed","ping_status":"closed","sticky":false,"template":"","format":"standard","meta":{"footnotes":""},"categories":[241,191],"tags":[],"class_list":{"0":"post-247306","1":"post","2":"type-post","3":"status-publish","4":"format-standard","5":"has-post-thumbnail","7":"category-aktualitet","8":"category-bota"},"_links":{"self":[{"href":"https:\/\/zjarr.tv\/en\/wp-json\/wp\/v2\/posts\/247306","targetHints":{"allow":["GET"]}}],"collection":[{"href":"https:\/\/zjarr.tv\/en\/wp-json\/wp\/v2\/posts"}],"about":[{"href":"https:\/\/zjarr.tv\/en\/wp-json\/wp\/v2\/types\/post"}],"author":[{"embeddable":true,"href":"https:\/\/zjarr.tv\/en\/wp-json\/wp\/v2\/users\/2030"}],"replies":[{"embeddable":true,"href":"https:\/\/zjarr.tv\/en\/wp-json\/wp\/v2\/comments?post=247306"}],"version-history":[{"count":0,"href":"https:\/\/zjarr.tv\/en\/wp-json\/wp\/v2\/posts\/247306\/revisions"}],"wp:featuredmedia":[{"embeddable":true,"href":"https:\/\/zjarr.tv\/en\/wp-json\/wp\/v2\/media\/247307"}],"wp:attachment":[{"href":"https:\/\/zjarr.tv\/en\/wp-json\/wp\/v2\/media?parent=247306"}],"wp:term":[{"taxonomy":"category","embeddable":true,"href":"https:\/\/zjarr.tv\/en\/wp-json\/wp\/v2\/categories?post=247306"},{"taxonomy":"post_tag","embeddable":true,"href":"https:\/\/zjarr.tv\/en\/wp-json\/wp\/v2\/tags?post=247306"}],"curies":[{"name":"wp","href":"https:\/\/api.w.org\/{rel}","templated":true}]}}