{"id":247317,"date":"2022-03-28T18:25:56","date_gmt":"2022-03-28T16:25:56","guid":{"rendered":"https:\/\/zjarr.tv\/?p=247317"},"modified":"2022-03-28T18:25:56","modified_gmt":"2022-03-28T16:25:56","slug":"partia-ndodhet-ne-moment-historik-baci-ne-pd-konflikti-ka-qene-mes-bashes-dhe-bazes","status":"publish","type":"post","link":"https:\/\/zjarr.tv\/en\/partia-ndodhet-ne-moment-historik-baci-ne-pd-konflikti-ka-qene-mes-bashes-dhe-bazes\/","title":{"rendered":"\u201cPartia ndodhet n\u00eb moment historik\u201d\/ Ba\u00e7i: N\u00eb PD, konflikti ka qen\u00eb mes Bash\u00ebs dhe baz\u00ebs"},"content":{"rendered":"<p>Deputeti i Partis\u00eb Demokratike Luan Ba\u00e7i ka komentuar situat\u00ebn n\u00eb t\u00eb cil\u00ebn ndodhet partia ku ai b\u00ebn pjes\u00eb, pas zhvillimeve t\u00eb fundit.<\/p>\n<p>N\u00eb nj\u00eb intervist\u00eb televizive , teksa tregoi se partia ndodhet n\u00eb nj\u00eb moment historik, ai theksoi se vendimet e Gjykat\u00ebs duhet t\u00eb zbatohen dhe jo t\u00eb diskutohen.<\/p>\n<p>Sipas deputetit demokrat,\u00a0 Komisioni i Rithemelimit e ka drejtuar PD q\u00eb pas Kuvendit t\u00eb 11 dhjetorit 2021, dhe sipas tij edhe po t\u00eb kishte nj\u00eb vendim t\u00eb kund\u00ebrt t\u00eb Gjykat\u00ebs asgj\u00eb nuk do t\u00eb ndryshonte.<\/p>\n<p>\u201cJemi n\u00eb nj\u00eb moment historik t\u00eb PD. PD ishte n\u00eb nj\u00eb situat\u00eb t\u00eb pazakont\u00eb. Konflikti ka qen\u00eb mes Bash\u00ebs q\u00eb\u00a0 nuk l\u00ebshonte karrigen dhe baz\u00ebn. Vendimet e Gjykat\u00ebs\u00a0 nuk kontestohen ato zbatohen. Mendoj se komandimi q\u00eb \u00ebsht\u00eb b\u00ebr\u00eb nga Basha \u00ebsht\u00eb i jasht\u00ebligjsh\u00ebm. Vendimet e Kuvendit t\u00eb 11 duhet t\u00eb zbatohen. Gjykata regjistroi se ky Kuvend \u00ebsht\u00eb i rregullt, \u00ebsht\u00eb i ligjsh\u00ebm. Ne e kemi drejtuar PD q\u00eb pas 11 dhjetorit, pavar\u00ebsisht se Gjykata nuk e kishte regjistruar statutin. Edhe sikur Gjykata t\u00eb merrte vendim tjet\u00ebr, ne pun\u00ebn do e vazhdonim. Regjistrimi q\u00eb b\u00ebri Gjykata, i dha hap\u00ebsir\u00ebn e duhur PD. Pam\u00eb q\u00eb largimi i Bash\u00ebs nga zyra ishte nga vendimet e 11 dhjetorit, Basha nuk dha dor\u00ebheqjen. Basha zbatoi vet\u00ebm vendimin\u201d, tha Ba\u00e7i.<\/p>","protected":false},"excerpt":{"rendered":"<p>Deputeti i Partis\u00eb Demokratike Luan Ba\u00e7i ka komentuar situat\u00ebn n\u00eb t\u00eb cil\u00ebn ndodhet partia ku ai b\u00ebn pjes\u00eb, pas zhvillimeve t\u00eb fundit. N\u00eb nj\u00eb intervist\u00eb televizive , teksa tregoi se partia ndodhet n\u00eb nj\u00eb moment historik, ai theksoi se vendimet e Gjykat\u00ebs duhet t\u00eb zbatohen dhe jo t\u00eb diskutohen. Sipas deputetit demokrat,\u00a0 Komisioni i Rithemelimit [&hellip;]<\/p>\n","protected":false},"author":2030,"featured_media":247318,"comment_status":"closed","ping_status":"closed","sticky":false,"template":"","format":"standard","meta":{"footnotes":""},"categories":[241,3366,5380,231,1454],"tags":[],"class_list":{"0":"post-247317","1":"post","2":"type-post","3":"status-publish","4":"format-standard","5":"has-post-thumbnail","7":"category-aktualitet","8":"category-koment","9":"category-kryesore","10":"category-lajme","11":"category-politike"},"_links":{"self":[{"href":"https:\/\/zjarr.tv\/en\/wp-json\/wp\/v2\/posts\/247317","targetHints":{"allow":["GET"]}}],"collection":[{"href":"https:\/\/zjarr.tv\/en\/wp-json\/wp\/v2\/posts"}],"about":[{"href":"https:\/\/zjarr.tv\/en\/wp-json\/wp\/v2\/types\/post"}],"author":[{"embeddable":true,"href":"https:\/\/zjarr.tv\/en\/wp-json\/wp\/v2\/users\/2030"}],"replies":[{"embeddable":true,"href":"https:\/\/zjarr.tv\/en\/wp-json\/wp\/v2\/comments?post=247317"}],"version-history":[{"count":0,"href":"https:\/\/zjarr.tv\/en\/wp-json\/wp\/v2\/posts\/247317\/revisions"}],"wp:featuredmedia":[{"embeddable":true,"href":"https:\/\/zjarr.tv\/en\/wp-json\/wp\/v2\/media\/247318"}],"wp:attachment":[{"href":"https:\/\/zjarr.tv\/en\/wp-json\/wp\/v2\/media?parent=247317"}],"wp:term":[{"taxonomy":"category","embeddable":true,"href":"https:\/\/zjarr.tv\/en\/wp-json\/wp\/v2\/categories?post=247317"},{"taxonomy":"post_tag","embeddable":true,"href":"https:\/\/zjarr.tv\/en\/wp-json\/wp\/v2\/tags?post=247317"}],"curies":[{"name":"wp","href":"https:\/\/api.w.org\/{rel}","templated":true}]}}