{"id":247544,"date":"2022-03-29T18:04:20","date_gmt":"2022-03-29T16:04:20","guid":{"rendered":"https:\/\/zjarr.tv\/?p=247544"},"modified":"2022-03-29T18:04:20","modified_gmt":"2022-03-29T16:04:20","slug":"perfshirja-e-bashes-ne-aferen-e-inceneratoreve-gazetari-tregon-si-perfitoi-15-mln-euro-nga-rama","status":"publish","type":"post","link":"https:\/\/zjarr.tv\/en\/perfshirja-e-bashes-ne-aferen-e-inceneratoreve-gazetari-tregon-si-perfitoi-15-mln-euro-nga-rama\/","title":{"rendered":"P\u00ebrfshirja e Bash\u00ebs n\u00eb afer\u00ebn e incenerator\u00ebve\/ Gazetari tregon si p\u00ebrfitoi 15 mln euro nga Rama"},"content":{"rendered":"<p>\u201cLulzim Basha ka p\u00ebrfituar miliona nga lidhjet e kompanive t\u00eb incenerator\u00ebve me miqt\u00eb e tij\u201d. K\u00ebshtu \u00ebsht\u00eb shprehur gazetari Elvi Fundo, duke theksuar se deputeti Basha nuk ka reaguar asnj\u00ebher\u00eb p\u00ebr afer\u00ebn e shekullit p\u00ebr shkak t\u00eb p\u00ebrfitimit t\u00eb 15 mln euro dh\u00ebn\u00eb nga Rama me prokurim mikut t\u00eb tij t\u00eb Viktoria Invest p\u00ebr Porto Romanon.<\/p>\n<p>N\u00eb nj\u00eb postim n\u00eb Facebook, Fundo shkruan se Basha \u00ebsht\u00eb banda e afer\u00ebs s\u00eb incenerator\u00ebve. Sipas tij, edhe banda e Bash\u00ebs \u00ebsht\u00eb grup kriminal si ai i incenerator\u00ebve.<\/p>\n<p>\u201cLulzim Basha ka p\u00ebrfituar miliona nga lidhjet e kompanive t\u00eb incenerator\u00ebve me miqt\u00eb e tij. Basha nuk foli kurr\u00eb p\u00ebr 15 mln euro dh\u00ebn\u00eb nga Rama me prokurim mikut t\u00eb tij t\u00eb Viktoria Invest p\u00ebr Porto Romanon.<\/p>\n<p>Un\u00eb kam siguruar edhe pagesat bankare. Basha \u00ebsht\u00eb brenda afer\u00ebs s\u00eb incenerator\u00ebve. \u00cbsht\u00eb paguar prej pazareve t\u00eb tyre. Heshti 5 vite foli 5 dit\u00eb dhe b\u00ebri komision kur hetimet ishin mbyllur q\u00eb t\u00eb shp\u00ebtonte l\u00ebkur\u00ebn.<\/p>\n<p>Nj\u00eb komision drejtuar nga Jorida e lejeve t\u00eb Veliajt, Jorida q\u00eb nd\u00ebrton pallate n\u00eb Itali. Miliona euro skem\u00eb nd\u00ebrtimi. Banda e Lulit \u00ebsht\u00eb grup kriminal si ai i incenerator\u00ebve\u201d, shkruan Fundo.<\/p>\n<p>M\u00eb tej, ai shton se Basha nuk foli asnj\u00eb her\u00eb p\u00ebr mediat q\u00eb kan\u00eb p\u00ebrfituar miliona euro nga afera e incenerator\u00ebve. \u201cBasha si pjes\u00eb e grupit kriminal fshehu t\u00eb v\u00ebrtet\u00ebn. Nuk foli kurr\u00eb p\u00ebr Ben Blushin, Vjollca Hoxh\u00ebn, Fane Kapterin apo Karlo Rilindasin bashk\u00eb me Baton doktorin\u201d, p\u00ebrfundon Fundo.<\/p>","protected":false},"excerpt":{"rendered":"<p>\u201cLulzim Basha ka p\u00ebrfituar miliona nga lidhjet e kompanive t\u00eb incenerator\u00ebve me miqt\u00eb e tij\u201d. K\u00ebshtu \u00ebsht\u00eb shprehur gazetari Elvi Fundo, duke theksuar se deputeti Basha nuk ka reaguar asnj\u00ebher\u00eb p\u00ebr afer\u00ebn e shekullit p\u00ebr shkak t\u00eb p\u00ebrfitimit t\u00eb 15 mln euro dh\u00ebn\u00eb nga Rama me prokurim mikut t\u00eb tij t\u00eb Viktoria Invest p\u00ebr Porto [&hellip;]<\/p>\n","protected":false},"author":2030,"featured_media":247545,"comment_status":"closed","ping_status":"closed","sticky":false,"template":"","format":"standard","meta":{"footnotes":""},"categories":[241,3366,5380,231],"tags":[],"class_list":{"0":"post-247544","1":"post","2":"type-post","3":"status-publish","4":"format-standard","5":"has-post-thumbnail","7":"category-aktualitet","8":"category-koment","9":"category-kryesore","10":"category-lajme"},"_links":{"self":[{"href":"https:\/\/zjarr.tv\/en\/wp-json\/wp\/v2\/posts\/247544","targetHints":{"allow":["GET"]}}],"collection":[{"href":"https:\/\/zjarr.tv\/en\/wp-json\/wp\/v2\/posts"}],"about":[{"href":"https:\/\/zjarr.tv\/en\/wp-json\/wp\/v2\/types\/post"}],"author":[{"embeddable":true,"href":"https:\/\/zjarr.tv\/en\/wp-json\/wp\/v2\/users\/2030"}],"replies":[{"embeddable":true,"href":"https:\/\/zjarr.tv\/en\/wp-json\/wp\/v2\/comments?post=247544"}],"version-history":[{"count":0,"href":"https:\/\/zjarr.tv\/en\/wp-json\/wp\/v2\/posts\/247544\/revisions"}],"wp:featuredmedia":[{"embeddable":true,"href":"https:\/\/zjarr.tv\/en\/wp-json\/wp\/v2\/media\/247545"}],"wp:attachment":[{"href":"https:\/\/zjarr.tv\/en\/wp-json\/wp\/v2\/media?parent=247544"}],"wp:term":[{"taxonomy":"category","embeddable":true,"href":"https:\/\/zjarr.tv\/en\/wp-json\/wp\/v2\/categories?post=247544"},{"taxonomy":"post_tag","embeddable":true,"href":"https:\/\/zjarr.tv\/en\/wp-json\/wp\/v2\/tags?post=247544"}],"curies":[{"name":"wp","href":"https:\/\/api.w.org\/{rel}","templated":true}]}}