{"id":247553,"date":"2022-03-29T18:11:58","date_gmt":"2022-03-29T16:11:58","guid":{"rendered":"https:\/\/zjarr.tv\/?p=247553"},"modified":"2022-03-29T18:11:58","modified_gmt":"2022-03-29T16:11:58","slug":"dhunonte-vajzat-ne-rruge-pa-arsye-gjykata-dergon-ne-psikiatri-denis-telon","status":"publish","type":"post","link":"https:\/\/zjarr.tv\/en\/dhunonte-vajzat-ne-rruge-pa-arsye-gjykata-dergon-ne-psikiatri-denis-telon\/","title":{"rendered":"Dhunonte vajzat n\u00eb rrug\u00eb pa arsye, Gjykata d\u00ebrgon n\u00eb psikiatri Denis Telon"},"content":{"rendered":"<p>Gjykata e Tiran\u00ebs dit\u00ebn e sotme ka dh\u00ebn\u00eb vendimin p\u00ebr shtrimin n\u00eb spitalin psikiatrik t\u00eb Denis Telos, i cili disa dit\u00eb m\u00eb par\u00eb dhunoi dy motrat n\u00eb Tiran\u00eb.<\/p>\n<p>Arrestimi i 30-vje\u00e7arit u b\u00eb i mundur pas denoncimit t\u00eb dy vajzave, Mirela dhe Albina Ruko, t\u00eb cilat u dhunuan brutalisht nga i riu.<\/p>\n<p>Ky nuk ka qen\u00eb rasti i par\u00eb, pasi Denis Telo njihet ndryshe si \u201ctmerri i vajzave\u201d n\u00eb Tiran\u00eb.\u00a0 N\u00eb disa raste ai \u00ebsht\u00eb pikasur, edhe p\u00ebrmes pamjeve filmike, se dhunon vajzat n\u00eb rrug\u00ebt e kryeqytetit.<\/p>","protected":false},"excerpt":{"rendered":"<p>Gjykata e Tiran\u00ebs dit\u00ebn e sotme ka dh\u00ebn\u00eb vendimin p\u00ebr shtrimin n\u00eb spitalin psikiatrik t\u00eb Denis Telos, i cili disa dit\u00eb m\u00eb par\u00eb dhunoi dy motrat n\u00eb Tiran\u00eb. Arrestimi i 30-vje\u00e7arit u b\u00eb i mundur pas denoncimit t\u00eb dy vajzave, Mirela dhe Albina Ruko, t\u00eb cilat u dhunuan brutalisht nga i riu. Ky nuk ka [&hellip;]<\/p>\n","protected":false},"author":2030,"featured_media":247554,"comment_status":"closed","ping_status":"closed","sticky":false,"template":"","format":"standard","meta":{"footnotes":""},"categories":[241,5380,231],"tags":[],"class_list":{"0":"post-247553","1":"post","2":"type-post","3":"status-publish","4":"format-standard","5":"has-post-thumbnail","7":"category-aktualitet","8":"category-kryesore","9":"category-lajme"},"_links":{"self":[{"href":"https:\/\/zjarr.tv\/en\/wp-json\/wp\/v2\/posts\/247553","targetHints":{"allow":["GET"]}}],"collection":[{"href":"https:\/\/zjarr.tv\/en\/wp-json\/wp\/v2\/posts"}],"about":[{"href":"https:\/\/zjarr.tv\/en\/wp-json\/wp\/v2\/types\/post"}],"author":[{"embeddable":true,"href":"https:\/\/zjarr.tv\/en\/wp-json\/wp\/v2\/users\/2030"}],"replies":[{"embeddable":true,"href":"https:\/\/zjarr.tv\/en\/wp-json\/wp\/v2\/comments?post=247553"}],"version-history":[{"count":0,"href":"https:\/\/zjarr.tv\/en\/wp-json\/wp\/v2\/posts\/247553\/revisions"}],"wp:featuredmedia":[{"embeddable":true,"href":"https:\/\/zjarr.tv\/en\/wp-json\/wp\/v2\/media\/247554"}],"wp:attachment":[{"href":"https:\/\/zjarr.tv\/en\/wp-json\/wp\/v2\/media?parent=247553"}],"wp:term":[{"taxonomy":"category","embeddable":true,"href":"https:\/\/zjarr.tv\/en\/wp-json\/wp\/v2\/categories?post=247553"},{"taxonomy":"post_tag","embeddable":true,"href":"https:\/\/zjarr.tv\/en\/wp-json\/wp\/v2\/tags?post=247553"}],"curies":[{"name":"wp","href":"https:\/\/api.w.org\/{rel}","templated":true}]}}