{"id":247557,"date":"2022-03-29T18:13:57","date_gmt":"2022-03-29T16:13:57","guid":{"rendered":"https:\/\/zjarr.tv\/?p=247557"},"modified":"2022-03-29T18:13:57","modified_gmt":"2022-03-29T16:13:57","slug":"spak-ska-vlere-per-ndeshkim-por-per-vizatim","status":"publish","type":"post","link":"https:\/\/zjarr.tv\/en\/spak-ska-vlere-per-ndeshkim-por-per-vizatim\/","title":{"rendered":"SPAK s\u2019ka vler\u00eb p\u00ebr nd\u00ebshkim, por p\u00ebr vizatim"},"content":{"rendered":"<p>Nga Andi Bushati<\/p>\n<p>Vala e re e arrestimeve t\u00eb SPAK, q\u00eb mund ti haj\u00eb kok\u00ebn edhe deputetit t\u00eb dyt\u00eb socialist, \u00ebsht\u00eb thjesht\u00eb nj\u00eb procedur\u00eb n\u00eb raport me t\u00eb v\u00ebrtet\u00ebn q\u00eb tani e din\u00eb t\u00eb gjith\u00eb: at\u00eb se n\u00eb krye t\u00eb priamid\u00ebs s\u00eb k\u00ebsaj mega grabitjeje q\u00ebndron nj\u00eb njeri i vet\u00ebm, Edi Rama.<\/p>\n<p>Edhe vet\u00eb kryeministri e ka kuptuar se kjo tani nuk \u00ebsht\u00eb m\u00eb nj\u00eb sekret. Po t\u00eb kthehesh pak dit\u00eb pas n\u00eb koh\u00eb dhe t\u00eb rishikosh d\u00ebshmin\u00eb q\u00eb ai dha n\u00eb komisionin hetimor p\u00ebr incenerator\u00ebt, mbrojtja e vetme q\u00eb i b\u00ebri vetes konsistonte n\u00eb faktin se \u201cn\u00ebn hund\u00ebn time \u00ebsht\u00eb vjedhur, por un\u00eb nuk kam ditur gj\u00eb\u201d.<\/p>\n<p>Nga ai dialog i gjat\u00eb mbet\u00ebn t\u00eb skalitura n\u00eb memorje shprehjet e Ram\u00ebs se \u201cmishi \u00ebsht\u00eb i dob\u00ebt\u201d, \u201cJeta politike nuk \u00ebsht\u00eb hapsir\u00eb \u00ebngj\u00ebjsh\u201d, \u201cka dhe njer\u00ebz q\u00eb korruptohen\u201d, se \u201ckryeministri nuk merr dot vesh se \u00e7\u2019mund t\u00eb b\u00ebj\u00eb Lefter Koka pas shpin\u00ebs s\u00eb tij\u201d, se ai nuk ishte \u201csupervizor\u201d, se vart\u00ebsit nuk e kishin informuar q\u00eb \u201ckoncesionari nuk i dispononte kapitalet e nevojshme\u201d.<\/p>\n<p>Po a ka njeri q\u00eb e beson k\u00ebt\u00eb p\u00ebrrall\u00eb, aq m\u00eb tep\u00ebr kur nj\u00ebh s\u00ebmundjen e drejtimit t\u00eb Ram\u00ebs p\u00ebr t\u00eb kontrolluar deri n\u00eb detaje dhe sistemin piramidal t\u00eb ngritur prej tij, ku urdhri nga lart mbivendoset mbi ligjin? Natyrisht q\u00eb jo.<\/p>\n<p>K\u00ebt\u00eb d\u00ebshmon edhe historia e deputetit Aliqi Bllako, p\u00ebr t\u00eb cilin SPAK ka k\u00ebrkuar lejen e kuvendit p\u00ebr arrestim. Vall\u00eb rast\u00ebsisht e vuri Rama n\u00eb listat e PS n\u00eb Tiran\u00eb, k\u00ebt\u00eb anonim, madje n\u00eb nj\u00eb vend m\u00eb t\u00eb sigurt\u00eb se Pandi Majko, Fatmir Xhafaj apo Mimi Kodheli q\u00eb i kishte pasur ministra? Jo, p\u00ebrgjigjja \u00ebsht\u00eb e qart\u00eb: sepse ai duhej ti shpenzonte nj\u00eb pjes\u00eb t\u00eb milionave p\u00ebr fushat\u00ebn e partis\u00eb. Vet\u00ebm kjo gj\u00eb shpjegon katapultimin e tij n\u00eb nj\u00eb vend m\u00eb t\u00eb sigurt\u00eb se elefant\u00ebt e PS-s\u00eb. E nj\u00ebjta logjik\u00eb u ndoq edhe me Lefter Kok\u00ebn n\u00eb Durr\u00ebs. Ndon\u00ebse dihej se SPAK ia kishte b\u00ebr\u00eb gati letrat, Rama e futi n\u00eb t\u00eb nj\u00ebjt\u00ebn list\u00eb ku gjendej dhe vet\u00eb dhe vetm pasi ai siguroi votat q\u00eb i k\u00ebrkoheshin, u detyrua t\u00eb jepte dor\u00ebheqjen pasi akuzohej se kishte p\u00ebrvet\u00ebsuar 3.5 milion\u00eb euro pagesa nga incenerator\u00ebt.<\/p>\n<p>Por, k\u00ebto dy raste nuk jan\u00eb t\u00eb vetmet.<\/p>\n<p>Fakti se e gjith\u00eb hierarkia shtet\u00ebrore u detyrua t\u00eb frimos\u00eb kund\u00ebr ligjit, t\u00eb shmang\u00eb tenderimet nd\u00ebrkomb\u00ebtare, t\u00eb prodhoj\u00eb 9 procedura brenda nj\u00eb dite t\u00eb vetme, t\u00eb d\u00ebrgoj\u00eb mbi 20 milion\u00eb euro n\u00eb Fier ende pa u v\u00ebn\u00eb asnj\u00eb tull\u00eb p\u00ebr ngritjen e inceneratorit, d\u00ebshmoj\u00eb se ky nuk \u00ebsht\u00eb nj\u00eb nga ato skandale ku ca \u00e7apa\u00e7u\u00eb i\u2019a punojn\u00eb shefit pas shpine.<\/p>\n<p>Edi Rama \u00ebsht\u00eb n\u00eb k\u00ebrthiz\u00ebn e k\u00ebsaj afere dhe k\u00ebt\u00eb e d\u00ebshmoi edhe me q\u00ebndrimin q\u00eb mbajti, kur n\u00eb kulmin e akuzave dhe b\u00ebrjes publike t\u00eb dokumentave sakandaloz\u00eb t\u00eb vjedhjeve, ai zhvilloi nj\u00eb mbledhje PS-je, n\u00eb barkun e inceneratorit t\u00eb Elbasanit, pik\u00ebrisht p\u00ebr t\u00eb treguar se nj\u00ebsoi si ai ishin t\u00eb t\u00ebr\u00eb pis, madje edhe ata q\u00eb nuk pat\u00ebn firmosur apo urdh\u00ebruar.<\/p>\n<p>Ai \u00ebsht\u00eb pjes\u00eb e saj sepse vazhdon edhe sot e k\u00ebsaj dite, me gjith\u00eb kriz\u00ebn e madhe energjitike dhe at\u00eb t\u00eb \u00e7mimeve, ti d\u00ebrgoj\u00eb pagesa t\u00eb arrestuarve Zoto dhe M\u00ebrtiri, q\u00eb p\u00ebrmes nj\u00eb sistemi kompanish guacka, fshihen pas inceneratorit t\u00eb Tiran\u00ebs.<\/p>\n<p>Po at\u00ebher\u00eb shtrohet pyetja: pse po ia dor\u00ebzon kryeministri drejt\u00ebsis\u00eb bashkpuntor\u00ebt e vet n\u00eb k\u00ebt\u00eb skem\u00eb? Pse ai nuk b\u00ebri asnj\u00eb rezistenc\u00eb p\u00ebr mbrojtjen e Bllakos duke deklaruar se \u00ebsht\u00eb i gatsh\u00ebm ta hedh\u00eb n\u00eb duart e SPAK-ut?<\/p>\n<p>P\u00ebrgjigjja \u00ebsht\u00eb e thjesht\u00eb: Sepse ndon\u00ebse pa d\u00ebshir\u00eb dhe pa qef, fal\u00eb presionit nd\u00ebrkomb\u00ebtar, ai \u00ebsht\u00eb detyruar t\u00eb b\u00ebj\u00eb disa koka turku. N\u00eb rastet Koka dhe Bllako nuk duhet pasur asnj\u00eb iluzion se kemi t\u00eb b\u00ebjm\u00eb me drejt\u00ebsi reale, ato flasin p\u00ebr nj\u00eb drejt\u00ebsi t\u00eb negociuar. Edi Rama e dinte me koh\u00eb q\u00eb SPAK doi vepronte mbi ish ministrin e mjedisit dhe ai e \u2018dor\u00ebhoqi\u201d me koh\u00eb duke i mbikqyrur vet\u00eb dhe tekstin e largimit. Edhe p\u00ebr Bllakon nuk ishte nj\u00eb sekret, kur thuhej se ai ishte caku i fundit ku do t\u00eb arrinte Prokuroria e Posat\u00e7me. Pra ende shefi i qeveris\u00eb vigj\u00eblon mbi procesin dhe e kontrollon at\u00eb. Por pavar\u00ebsisht nga fakti se kjo nuk \u00ebsht\u00eb, as nj\u00eb drejt\u00ebsi e v\u00ebrtet\u00eb dhe as e pavarur, efekti q\u00eb ajo po prodhon e ka nj\u00eb t\u00eb mir\u00eb. Ndon\u00ebse SPAK nuk do t\u00eb ket\u00eb kurr\u00eb fuqi, jo p\u00ebr t\u00eb shkuar tek Lefteri, por tek koka reale e k\u00ebsaj mega vjedhjeje, fakti q\u00eb po merret, dalja n\u00eb shesh e disa t\u00eb v\u00ebrtetave edhe ashtu gjysmake, po i sh\u00ebrbejn\u00eb disi publikut. Edhe me pafuqin\u00eb e tyre \u201cheronjt\u00eb e f\u00ebmij\u00ebve tan\u00eb\u201d po na b\u00ebjn\u00eb nj\u00eb nder, sepse edhe duke mos pasur k\u00ebllqe p\u00ebr ti nd\u00ebshkuar grabit\u00ebsit e m\u00ebdhenj, s\u00ebpaku ata po na ndihmojn\u00eb p\u00ebr ti njohur m\u00eb mir\u00eb ata.<\/p>","protected":false},"excerpt":{"rendered":"<p>Nga Andi Bushati Vala e re e arrestimeve t\u00eb SPAK, q\u00eb mund ti haj\u00eb kok\u00ebn edhe deputetit t\u00eb dyt\u00eb socialist, \u00ebsht\u00eb thjesht\u00eb nj\u00eb procedur\u00eb n\u00eb raport me t\u00eb v\u00ebrtet\u00ebn q\u00eb tani e din\u00eb t\u00eb gjith\u00eb: at\u00eb se n\u00eb krye t\u00eb priamid\u00ebs s\u00eb k\u00ebsaj mega grabitjeje q\u00ebndron nj\u00eb njeri i vet\u00ebm, Edi Rama. Edhe vet\u00eb kryeministri [&hellip;]<\/p>\n","protected":false},"author":2030,"featured_media":187788,"comment_status":"closed","ping_status":"closed","sticky":false,"template":"","format":"standard","meta":{"footnotes":""},"categories":[241,3366,5380,231],"tags":[],"class_list":{"0":"post-247557","1":"post","2":"type-post","3":"status-publish","4":"format-standard","5":"has-post-thumbnail","7":"category-aktualitet","8":"category-koment","9":"category-kryesore","10":"category-lajme"},"_links":{"self":[{"href":"https:\/\/zjarr.tv\/en\/wp-json\/wp\/v2\/posts\/247557","targetHints":{"allow":["GET"]}}],"collection":[{"href":"https:\/\/zjarr.tv\/en\/wp-json\/wp\/v2\/posts"}],"about":[{"href":"https:\/\/zjarr.tv\/en\/wp-json\/wp\/v2\/types\/post"}],"author":[{"embeddable":true,"href":"https:\/\/zjarr.tv\/en\/wp-json\/wp\/v2\/users\/2030"}],"replies":[{"embeddable":true,"href":"https:\/\/zjarr.tv\/en\/wp-json\/wp\/v2\/comments?post=247557"}],"version-history":[{"count":0,"href":"https:\/\/zjarr.tv\/en\/wp-json\/wp\/v2\/posts\/247557\/revisions"}],"wp:featuredmedia":[{"embeddable":true,"href":"https:\/\/zjarr.tv\/en\/wp-json\/wp\/v2\/media\/187788"}],"wp:attachment":[{"href":"https:\/\/zjarr.tv\/en\/wp-json\/wp\/v2\/media?parent=247557"}],"wp:term":[{"taxonomy":"category","embeddable":true,"href":"https:\/\/zjarr.tv\/en\/wp-json\/wp\/v2\/categories?post=247557"},{"taxonomy":"post_tag","embeddable":true,"href":"https:\/\/zjarr.tv\/en\/wp-json\/wp\/v2\/tags?post=247557"}],"curies":[{"name":"wp","href":"https:\/\/api.w.org\/{rel}","templated":true}]}}