{"id":247560,"date":"2022-03-29T19:00:31","date_gmt":"2022-03-29T17:00:31","guid":{"rendered":"https:\/\/zjarr.tv\/?p=247560"},"modified":"2022-03-29T19:00:31","modified_gmt":"2022-03-29T17:00:31","slug":"sjemi-ketu-per-shtepine-tende-gruaja-perze-nene-lizen-nga-protesta-kemi-kauze-tjeter","status":"publish","type":"post","link":"https:\/\/zjarr.tv\/en\/sjemi-ketu-per-shtepine-tende-gruaja-perze-nene-lizen-nga-protesta-kemi-kauze-tjeter\/","title":{"rendered":"\u201cS\u2019jemi k\u00ebtu p\u00ebr sht\u00ebpin\u00eb t\u00ebnde\u201d\/ Gruaja p\u00ebrz\u00eb n\u00ebn\u00eb Liz\u00ebn nga protesta: Kemi kauz\u00eb tjet\u00ebr"},"content":{"rendered":"<p>Nd\u00ebrkoh\u00eb q\u00eb qytetar\u00ebt mernin fjal\u00ebn n\u00eb protest\u00ebn p\u00ebrpara Kryeministris\u00eb t\u00eb organizuar kund\u00ebr rritjes s\u00eb \u00e7mimeve, nj\u00eb nga ata q\u00eb fol\u00ebn ishte edhe n\u00ebnLiza.<\/p>\n<p>Ajo \u00ebsht\u00eb b\u00ebr\u00eb e njohur p\u00ebr rezistenc\u00ebn ndaj policis\u00eb n\u00eb kund\u00ebrshtim t\u00eb shembejve t\u00eb sht\u00ebpive n\u00eb zon\u00ebn e \u201c5 majit\u201d<\/p>\n<p>N\u00ebn\u00eb Liza ka qen\u00eb sot pjes\u00eb e protest\u00ebs dhe b\u00ebri thirrje p\u00ebr pjes\u00ebmarrje m\u00eb masive kund\u00ebr qeveris\u00eb.<\/p>\n<p>Nd\u00ebrsa n\u00ebn\u00eb Liza fliste, nj\u00eb grua dhe nj\u00eb burr\u00eb q\u00eb e shoq\u00ebronter e ka larguar, duke pretenduar se protesta nuk ka lidhje me protest\u00ebn e banor\u00ebve t\u00eb \u201c5 majit\u201d. \u201cS\u2019jemi k\u00ebtu p\u00ebr sht\u00ebpin\u00eb t\u00ebnde, ik, largohu. Kemi nj\u00eb kauz\u00eb tjet\u00ebr\u201d, tha gruaja.<\/p>","protected":false},"excerpt":{"rendered":"<p>Nd\u00ebrkoh\u00eb q\u00eb qytetar\u00ebt mernin fjal\u00ebn n\u00eb protest\u00ebn p\u00ebrpara Kryeministris\u00eb t\u00eb organizuar kund\u00ebr rritjes s\u00eb \u00e7mimeve, nj\u00eb nga ata q\u00eb fol\u00ebn ishte edhe n\u00ebnLiza. Ajo \u00ebsht\u00eb b\u00ebr\u00eb e njohur p\u00ebr rezistenc\u00ebn ndaj policis\u00eb n\u00eb kund\u00ebrshtim t\u00eb shembejve t\u00eb sht\u00ebpive n\u00eb zon\u00ebn e \u201c5 majit\u201d N\u00ebn\u00eb Liza ka qen\u00eb sot pjes\u00eb e protest\u00ebs dhe b\u00ebri thirrje p\u00ebr [&hellip;]<\/p>\n","protected":false},"author":2030,"featured_media":247561,"comment_status":"closed","ping_status":"closed","sticky":false,"template":"","format":"standard","meta":{"footnotes":""},"categories":[241,3366,5380,231],"tags":[],"class_list":{"0":"post-247560","1":"post","2":"type-post","3":"status-publish","4":"format-standard","5":"has-post-thumbnail","7":"category-aktualitet","8":"category-koment","9":"category-kryesore","10":"category-lajme"},"_links":{"self":[{"href":"https:\/\/zjarr.tv\/en\/wp-json\/wp\/v2\/posts\/247560","targetHints":{"allow":["GET"]}}],"collection":[{"href":"https:\/\/zjarr.tv\/en\/wp-json\/wp\/v2\/posts"}],"about":[{"href":"https:\/\/zjarr.tv\/en\/wp-json\/wp\/v2\/types\/post"}],"author":[{"embeddable":true,"href":"https:\/\/zjarr.tv\/en\/wp-json\/wp\/v2\/users\/2030"}],"replies":[{"embeddable":true,"href":"https:\/\/zjarr.tv\/en\/wp-json\/wp\/v2\/comments?post=247560"}],"version-history":[{"count":0,"href":"https:\/\/zjarr.tv\/en\/wp-json\/wp\/v2\/posts\/247560\/revisions"}],"wp:featuredmedia":[{"embeddable":true,"href":"https:\/\/zjarr.tv\/en\/wp-json\/wp\/v2\/media\/247561"}],"wp:attachment":[{"href":"https:\/\/zjarr.tv\/en\/wp-json\/wp\/v2\/media?parent=247560"}],"wp:term":[{"taxonomy":"category","embeddable":true,"href":"https:\/\/zjarr.tv\/en\/wp-json\/wp\/v2\/categories?post=247560"},{"taxonomy":"post_tag","embeddable":true,"href":"https:\/\/zjarr.tv\/en\/wp-json\/wp\/v2\/tags?post=247560"}],"curies":[{"name":"wp","href":"https:\/\/api.w.org\/{rel}","templated":true}]}}