{"id":247572,"date":"2022-03-29T21:37:40","date_gmt":"2022-03-29T19:37:40","guid":{"rendered":"https:\/\/zjarr.tv\/?p=247572"},"modified":"2022-03-29T21:37:40","modified_gmt":"2022-03-29T19:37:40","slug":"jam-i-tronditur-nga-kerkesa-e-spak-alqi-bllako-dorezon-mandatin-e-deputetit-pafajesine-time-do-ta-provoj-ne-gjykate-si-cdo-qytetar","status":"publish","type":"post","link":"https:\/\/zjarr.tv\/en\/jam-i-tronditur-nga-kerkesa-e-spak-alqi-bllako-dorezon-mandatin-e-deputetit-pafajesine-time-do-ta-provoj-ne-gjykate-si-cdo-qytetar\/","title":{"rendered":"\u201cJam i tronditur nga k\u00ebrkesa e SPAK\u201d, Alqi Bllako dor\u00ebzon mandatin e deputetit: Pafaj\u00ebsin\u00eb time do ta provoj n\u00eb gjykat\u00eb si \u00e7do qytetar"},"content":{"rendered":"<p>Deputeti socialist Alqi Bllako reagon p\u00ebr her\u00eb t\u00eb par\u00eb, pasi SPAK sot iu drejtua me k\u00ebrkes\u00eb Kuvendit dhe k\u00ebrkoi heqjen e mandatit t\u00eb deputetit. Mir\u00ebpo, p\u00ebrmes nj\u00eb sh\u00ebnimi n\u00eb profilin e tij, Bllako thot\u00eb se nes\u00ebr do t\u00eb dor\u00ebzoj\u00eb n\u00eb Kuvend zyrtarisht dor\u00ebheqjen dhe me Gjykat\u00ebn do t\u00eb p\u00ebrballet si \u00e7do qytetar tjet\u00ebr. <\/p>\n<p>\u201cPrandaj kam vendosur q\u00eb dit\u00ebn e nes\u00ebrme t\u2019i paraqes Kryetares s\u00eb Kuvendit dor\u00ebzimin e mandatit tim si deputet i Republik\u00ebs s\u00eb Shqip\u00ebris\u00eb, dhe t\u00eb p\u00ebrballem me akuz\u00ebn pa asnj\u00eb privilegj. Si nj\u00eb qytetar i zakonsh\u00ebm, si prind dhe familjar i p\u00ebrgjegjsh\u00ebm; dhe mbi t\u00eb gjitha si nj\u00eb sh\u00ebrb\u00ebtor publik, q\u00eb padyshim e kupton se \u00e7do angazhim vjen edhe me \u00e7mimin e p\u00ebrbaltjes politike apo edhe me detyrimin e sqarimit t\u00eb s\u00eb v\u00ebrtet\u00ebs para drejt\u00ebsis\u00eb\u201d, shkruan nd\u00ebr t\u00eb tjera Alqi Bllako.<\/p>","protected":false},"excerpt":{"rendered":"<p>Deputeti socialist Alqi Bllako reagon p\u00ebr her\u00eb t\u00eb par\u00eb, pasi SPAK sot iu drejtua me k\u00ebrkes\u00eb Kuvendit dhe k\u00ebrkoi heqjen e mandatit t\u00eb deputetit. Mir\u00ebpo, p\u00ebrmes nj\u00eb sh\u00ebnimi n\u00eb profilin e tij, Bllako thot\u00eb se nes\u00ebr do t\u00eb dor\u00ebzoj\u00eb n\u00eb Kuvend zyrtarisht dor\u00ebheqjen dhe me Gjykat\u00ebn do t\u00eb p\u00ebrballet si \u00e7do qytetar tjet\u00ebr. \u201cPrandaj kam [&hellip;]<\/p>\n","protected":false},"author":2031,"featured_media":247573,"comment_status":"closed","ping_status":"closed","sticky":false,"template":"","format":"standard","meta":{"footnotes":""},"categories":[231],"tags":[],"class_list":{"0":"post-247572","1":"post","2":"type-post","3":"status-publish","4":"format-standard","5":"has-post-thumbnail","7":"category-lajme"},"_links":{"self":[{"href":"https:\/\/zjarr.tv\/en\/wp-json\/wp\/v2\/posts\/247572","targetHints":{"allow":["GET"]}}],"collection":[{"href":"https:\/\/zjarr.tv\/en\/wp-json\/wp\/v2\/posts"}],"about":[{"href":"https:\/\/zjarr.tv\/en\/wp-json\/wp\/v2\/types\/post"}],"author":[{"embeddable":true,"href":"https:\/\/zjarr.tv\/en\/wp-json\/wp\/v2\/users\/2031"}],"replies":[{"embeddable":true,"href":"https:\/\/zjarr.tv\/en\/wp-json\/wp\/v2\/comments?post=247572"}],"version-history":[{"count":0,"href":"https:\/\/zjarr.tv\/en\/wp-json\/wp\/v2\/posts\/247572\/revisions"}],"wp:featuredmedia":[{"embeddable":true,"href":"https:\/\/zjarr.tv\/en\/wp-json\/wp\/v2\/media\/247573"}],"wp:attachment":[{"href":"https:\/\/zjarr.tv\/en\/wp-json\/wp\/v2\/media?parent=247572"}],"wp:term":[{"taxonomy":"category","embeddable":true,"href":"https:\/\/zjarr.tv\/en\/wp-json\/wp\/v2\/categories?post=247572"},{"taxonomy":"post_tag","embeddable":true,"href":"https:\/\/zjarr.tv\/en\/wp-json\/wp\/v2\/tags?post=247572"}],"curies":[{"name":"wp","href":"https:\/\/api.w.org\/{rel}","templated":true}]}}