{"id":247711,"date":"2022-03-30T14:27:21","date_gmt":"2022-03-30T12:27:21","guid":{"rendered":"https:\/\/zjarr.tv\/?p=247711"},"modified":"2022-03-30T14:27:21","modified_gmt":"2022-03-30T12:27:21","slug":"anastas-angjeli-dhe-natasha-ahmetaj-propozohen-per-anetare-te-keshillit-mbikeqyres-te-bankes-se-shqiperise","status":"publish","type":"post","link":"https:\/\/zjarr.tv\/en\/anastas-angjeli-dhe-natasha-ahmetaj-propozohen-per-anetare-te-keshillit-mbikeqyres-te-bankes-se-shqiperise\/","title":{"rendered":"Anastas Angjeli dhe Natasha Ahmetaj propozohen p\u00ebr an\u00ebtar\u00eb t\u00eb K\u00ebshillit Mbik\u00ebqyr\u00ebs t\u00eb Bank\u00ebs s\u00eb Shqip\u00ebris\u00eb"},"content":{"rendered":"<p>Komisioni i Ekonomis\u00eb propozoi zyrtarisht Anastas Angjelin dhe Natasha Ahmetajn, si kandidat\u00eb p\u00ebr t\u2019u votuar nga Kuvendi n\u00eb detyr\u00ebn e an\u00ebtar\u00ebve t\u00eb K\u00ebshillit Mbik\u00ebqyr\u00ebs t\u00eb Bank\u00ebs s\u00eb Shqip\u00ebris\u00eb.Mandati i dy prej an\u00ebtar\u00ebve t\u00eb K\u00ebshillit Mbik\u00ebqyr\u00ebs s\u00eb Bank\u00ebs s\u00eb Shqip\u00ebris\u00eb kishte p\u00ebrfunduar q\u00eb prej muajit dhjetor 2021.<\/p>\n<p>B\u00ebhet fjal\u00eb p\u00ebr mandatet e an\u00ebtar\u00ebve Natasha Ahmetaj dhe Tonin Kola, t\u00eb zgjedhur n\u00eb dhjetor 2014, si propozime t\u00eb vet\u00eb Kuvendit t\u00eb Shqip\u00ebris\u00eb.Pas seancave d\u00ebgjimore, dy kandidaturat q\u00eb siguruan mb\u00ebshtetjen e numrit t\u00eb nevojsh\u00ebm t\u00eb deputet\u00ebve rezultuan Natasha Ahmetaj dhe Anastas Angjeli. Me sa duket, kjo n\u00ebnkupton se k\u00ebta dy kandidat\u00eb kan\u00eb mb\u00ebshtetjen e shumic\u00ebs n\u00eb Kuvend p\u00ebr t\u2019u zgjedhur si an\u00ebtar\u00eb t\u00eb K\u00ebshillit Mbik\u00ebqyr\u00ebs t\u00eb Bank\u00ebs s\u00eb Shqip\u00ebris\u00eb.<\/p>\n<p>Natasha Ahmetaj ka mbajtur n\u00eb shtat\u00eb vitet e fundit edhe detyr\u00ebn e z\u00ebvend\u00ebsguvernatorit t\u00eb dyt\u00eb t\u00eb Bank\u00ebs s\u00eb Shqip\u00ebris\u00eb.Kandidati i dyt\u00eb i propozuar, Anastas Angjeli, ka nj\u00eb p\u00ebrvoj\u00eb prej m\u00eb shum\u00eb se dy dekadash n\u00eb funksione t\u00eb larta poltike, si p\u00ebrfaq\u00ebsues i Partis\u00eb Socialiste. Ai ka qen\u00eb deputet i Kuvendit t\u00eb Shqip\u00ebris\u00eb n\u00eb disa legjislatura, si ish-minist\u00ebr i Financave, ish-minist\u00ebr i Ekonomis\u00eb, dhe ish-minist\u00ebr i \u00c7\u00ebshtjeve Sociale. Anastas Angjeli ka gjithashtu nj\u00eb p\u00ebrvoj\u00eb akademike si pedagog, drejtues i nj\u00eb universiteti privat dhe an\u00ebtar i Akademis\u00eb s\u00eb Shkencave.<\/p>","protected":false},"excerpt":{"rendered":"<p>Komisioni i Ekonomis\u00eb propozoi zyrtarisht Anastas Angjelin dhe Natasha Ahmetajn, si kandidat\u00eb p\u00ebr t\u2019u votuar nga Kuvendi n\u00eb detyr\u00ebn e an\u00ebtar\u00ebve t\u00eb K\u00ebshillit Mbik\u00ebqyr\u00ebs t\u00eb Bank\u00ebs s\u00eb Shqip\u00ebris\u00eb.Mandati i dy prej an\u00ebtar\u00ebve t\u00eb K\u00ebshillit Mbik\u00ebqyr\u00ebs s\u00eb Bank\u00ebs s\u00eb Shqip\u00ebris\u00eb kishte p\u00ebrfunduar q\u00eb prej muajit dhjetor 2021. B\u00ebhet fjal\u00eb p\u00ebr mandatet e an\u00ebtar\u00ebve Natasha Ahmetaj dhe [&hellip;]<\/p>\n","protected":false},"author":2030,"featured_media":247712,"comment_status":"closed","ping_status":"closed","sticky":false,"template":"","format":"standard","meta":{"footnotes":""},"categories":[241,5380,231,1454],"tags":[],"class_list":{"0":"post-247711","1":"post","2":"type-post","3":"status-publish","4":"format-standard","5":"has-post-thumbnail","7":"category-aktualitet","8":"category-kryesore","9":"category-lajme","10":"category-politike"},"_links":{"self":[{"href":"https:\/\/zjarr.tv\/en\/wp-json\/wp\/v2\/posts\/247711","targetHints":{"allow":["GET"]}}],"collection":[{"href":"https:\/\/zjarr.tv\/en\/wp-json\/wp\/v2\/posts"}],"about":[{"href":"https:\/\/zjarr.tv\/en\/wp-json\/wp\/v2\/types\/post"}],"author":[{"embeddable":true,"href":"https:\/\/zjarr.tv\/en\/wp-json\/wp\/v2\/users\/2030"}],"replies":[{"embeddable":true,"href":"https:\/\/zjarr.tv\/en\/wp-json\/wp\/v2\/comments?post=247711"}],"version-history":[{"count":0,"href":"https:\/\/zjarr.tv\/en\/wp-json\/wp\/v2\/posts\/247711\/revisions"}],"wp:featuredmedia":[{"embeddable":true,"href":"https:\/\/zjarr.tv\/en\/wp-json\/wp\/v2\/media\/247712"}],"wp:attachment":[{"href":"https:\/\/zjarr.tv\/en\/wp-json\/wp\/v2\/media?parent=247711"}],"wp:term":[{"taxonomy":"category","embeddable":true,"href":"https:\/\/zjarr.tv\/en\/wp-json\/wp\/v2\/categories?post=247711"},{"taxonomy":"post_tag","embeddable":true,"href":"https:\/\/zjarr.tv\/en\/wp-json\/wp\/v2\/tags?post=247711"}],"curies":[{"name":"wp","href":"https:\/\/api.w.org\/{rel}","templated":true}]}}