{"id":247717,"date":"2022-03-30T14:35:01","date_gmt":"2022-03-30T12:35:01","guid":{"rendered":"https:\/\/zjarr.tv\/?p=247717"},"modified":"2022-03-30T14:35:01","modified_gmt":"2022-03-30T12:35:01","slug":"a-do-te-kemi-zgjedhje-te-parakohshme-pergjigjet-deputeti-i-ps-se-dhe-paralajmeron-zhvillime-te-reja-brenda-partise","status":"publish","type":"post","link":"https:\/\/zjarr.tv\/en\/a-do-te-kemi-zgjedhje-te-parakohshme-pergjigjet-deputeti-i-ps-se-dhe-paralajmeron-zhvillime-te-reja-brenda-partise\/","title":{"rendered":"A do t\u00eb kemi zgjedhje t\u00eb parakohshme? P\u00ebrgjigjet deputeti i PS-s\u00eb dhe paralajm\u00ebron zhvillime t\u00eb reja brenda partis\u00eb"},"content":{"rendered":"<p>Deputeti i PS, Arben P\u00eblllumbi hodhi sot posht\u00eb mund\u00ebsin\u00eb q\u00eb zhvillimet e fundit politike t\u00eb sjellin zgjedhje t\u00eb parakohshme n\u00eb vend.<\/p>\n<p>I pyetur mbi mund\u00ebsin\u00eb e riformatimeve n\u00eb qeveri P\u00ebllumbi tha: \u201cKy \u00ebsht\u00eb tag\u00ebr i kryeministrit. Ai vet n\u00eb zbatim t\u00eb programit, t\u00eb objektivave, shikon n\u00ebse po ecet n\u00eb ritmin e duhur apo jo. Besoj q\u00eb e gjykon sakt\u00eb. Askush s\u2019\u00ebsht\u00eb i paz\u00ebvend\u00ebsuesh\u00ebm n\u00eb qeveri. Ndryshimi \u00ebsht\u00eb i mir\u00ebpritur\u201d.<\/p>\n<p>Deputeti socialist tha se n\u00eb 9 prill do t\u00eb b\u00ebhet nj\u00eb kongres ndryshe, i hapur p\u00ebr t\u2019u d\u00ebgjuar nga nj\u00eb gam\u00eb m\u00eb e madhe njer\u00ebzish.<\/p>","protected":false},"excerpt":{"rendered":"<p>Deputeti i PS, Arben P\u00eblllumbi hodhi sot posht\u00eb mund\u00ebsin\u00eb q\u00eb zhvillimet e fundit politike t\u00eb sjellin zgjedhje t\u00eb parakohshme n\u00eb vend. I pyetur mbi mund\u00ebsin\u00eb e riformatimeve n\u00eb qeveri P\u00ebllumbi tha: \u201cKy \u00ebsht\u00eb tag\u00ebr i kryeministrit. Ai vet n\u00eb zbatim t\u00eb programit, t\u00eb objektivave, shikon n\u00ebse po ecet n\u00eb ritmin e duhur apo jo. Besoj [&hellip;]<\/p>\n","protected":false},"author":2020,"featured_media":247720,"comment_status":"closed","ping_status":"closed","sticky":false,"template":"","format":"standard","meta":{"footnotes":""},"categories":[241,5380,231],"tags":[],"class_list":{"0":"post-247717","1":"post","2":"type-post","3":"status-publish","4":"format-standard","5":"has-post-thumbnail","7":"category-aktualitet","8":"category-kryesore","9":"category-lajme"},"_links":{"self":[{"href":"https:\/\/zjarr.tv\/en\/wp-json\/wp\/v2\/posts\/247717","targetHints":{"allow":["GET"]}}],"collection":[{"href":"https:\/\/zjarr.tv\/en\/wp-json\/wp\/v2\/posts"}],"about":[{"href":"https:\/\/zjarr.tv\/en\/wp-json\/wp\/v2\/types\/post"}],"author":[{"embeddable":true,"href":"https:\/\/zjarr.tv\/en\/wp-json\/wp\/v2\/users\/2020"}],"replies":[{"embeddable":true,"href":"https:\/\/zjarr.tv\/en\/wp-json\/wp\/v2\/comments?post=247717"}],"version-history":[{"count":0,"href":"https:\/\/zjarr.tv\/en\/wp-json\/wp\/v2\/posts\/247717\/revisions"}],"wp:featuredmedia":[{"embeddable":true,"href":"https:\/\/zjarr.tv\/en\/wp-json\/wp\/v2\/media\/247720"}],"wp:attachment":[{"href":"https:\/\/zjarr.tv\/en\/wp-json\/wp\/v2\/media?parent=247717"}],"wp:term":[{"taxonomy":"category","embeddable":true,"href":"https:\/\/zjarr.tv\/en\/wp-json\/wp\/v2\/categories?post=247717"},{"taxonomy":"post_tag","embeddable":true,"href":"https:\/\/zjarr.tv\/en\/wp-json\/wp\/v2\/tags?post=247717"}],"curies":[{"name":"wp","href":"https:\/\/api.w.org\/{rel}","templated":true}]}}