{"id":247725,"date":"2022-03-30T14:45:06","date_gmt":"2022-03-30T12:45:06","guid":{"rendered":"https:\/\/zjarr.tv\/?p=247725"},"modified":"2022-03-30T14:45:06","modified_gmt":"2022-03-30T12:45:06","slug":"salianji-ben-denoncimin-e-forte-si-po-i-fsheh-kuvendi-provat-e-spak-per-alqi-bllakon-veglat-e-pushtetit-jane-ne-hall","status":"publish","type":"post","link":"https:\/\/zjarr.tv\/en\/salianji-ben-denoncimin-e-forte-si-po-i-fsheh-kuvendi-provat-e-spak-per-alqi-bllakon-veglat-e-pushtetit-jane-ne-hall\/","title":{"rendered":"Salianji b\u00ebn denoncimin e fort\u00eb: Si po i fsheh Kuvendi provat e SPAK p\u00ebr Alqi Bllakon, veglat e pushtetit jan\u00eb n\u00eb hall"},"content":{"rendered":"<p>Deputeti i Partis\u00eb Demokratike Ervin Salianji ka denoncuar Kuvendin, se nuk iu ka v\u00ebn\u00eb ende n\u00eb dispozicion an\u00ebtar\u00ebve t\u00eb K\u00ebshillit p\u00ebr Rregulloren, Mandatet dhe Imunitetin, k\u00ebrkes\u00ebn e SPAK p\u00ebr ti hequr mandatin Alqi Bllakos.<\/p>\n<p>Salianji shprehet se edhe pse deputet\u00ebt i ndajn\u00eb vet\u00ebm 4 or\u00eb nga mbledhja, Kuvendi vijon t\u00eb m,baj\u00eb t\u00eb fshehta dokumentet zyrtare t\u00eb SPAK.<\/p>\n<p>Postimi i Salianjit:<\/p>\n<p>Dje, rreth or\u00ebs 18:35, n\u00eb post\u00ebn elektronike t\u00eb an\u00ebtar\u00ebve t\u00eb K\u00ebshillit p\u00ebr Rregulloren, Mandatet dhe Imunitetin ka mb\u00ebrritur nj\u00eb email nga sekretaria e Kuvendit, ku njoftohen p\u00ebr mbledhjen e dit\u00ebs s\u00eb nes\u00ebrme n\u00eb or\u00ebn 18:00 p\u00ebr shqyrtimin e k\u00ebrkes\u00ebs s\u00eb SPAK. N\u00eb email thuhet se dokumentacioni shoq\u00ebrues i k\u00ebrkes\u00ebs \u00ebsht\u00eb gati dhe mund t\u00eb t\u00ebrhiqet pran\u00eb sekretaris\u00eb dit\u00ebn e nes\u00ebrme.<\/p>\n<p>Por, e v\u00ebrteta \u00ebsht\u00eb se as dit\u00ebn e nes\u00ebrme n\u00eb m\u00ebngjes dhe deri m\u00eb tani, kur na ndajn\u00eb m\u00eb pak se kat\u00ebr or\u00eb nga fillimi i mbledhjes s\u00eb K\u00ebshillit, materialet nuk na jan\u00eb v\u00ebn\u00eb n\u00eb dispozicion. Kjo n\u00eb kund\u00ebrshtim flagrant me Rregulloren e Kuvendit, e cila n\u00eb nenin 118, pika 1 parashikon se kryetarja e Kuvendit ia d\u00ebrgon k\u00ebrkes\u00ebn dhe dokumentacionin p\u00ebrkat\u00ebs menj\u00ebher\u00eb an\u00ebtar\u00ebve t\u00eb K\u00ebshillit p\u00ebr Rregulloren, Mandatet dhe Imunitetin.<\/p>\n<p>Askush nuk e di se cila \u00ebsht\u00eb arsyeja apo arsyet q\u00eb Kuvendi i Shqip\u00ebris\u00eb iu mban t\u00eb fshehur an\u00ebtar\u00ebve t\u00eb K\u00ebshillit, dokumentacionin e d\u00ebrguar me SPAK. Por, ajo q\u00eb ne dim\u00eb me siguri \u00ebsht\u00eb se sot pushteti dhe veglat e tij jan\u00eb n\u00eb hall, dhe mbi t\u00eb gjitha se ajo q\u00eb po b\u00ebjn\u00eb \u00ebsht\u00eb nj\u00eb tjet\u00ebr shkelje flagrante e ligjit. Halli i qeveris\u00eb nuk jan\u00eb zyrtaruc\u00ebt q\u00eb i ka p\u00ebrdorur dhe m\u00eb pas i ka l\u00ebshuar, halli i tyre \u00ebsht\u00eb koka e grupit!<\/p>","protected":false},"excerpt":{"rendered":"<p>Deputeti i Partis\u00eb Demokratike Ervin Salianji ka denoncuar Kuvendin, se nuk iu ka v\u00ebn\u00eb ende n\u00eb dispozicion an\u00ebtar\u00ebve t\u00eb K\u00ebshillit p\u00ebr Rregulloren, Mandatet dhe Imunitetin, k\u00ebrkes\u00ebn e SPAK p\u00ebr ti hequr mandatin Alqi Bllakos. Salianji shprehet se edhe pse deputet\u00ebt i ndajn\u00eb vet\u00ebm 4 or\u00eb nga mbledhja, Kuvendi vijon t\u00eb m,baj\u00eb t\u00eb fshehta dokumentet zyrtare [&hellip;]<\/p>\n","protected":false},"author":2020,"featured_media":247726,"comment_status":"closed","ping_status":"closed","sticky":false,"template":"","format":"standard","meta":{"footnotes":""},"categories":[241,5380,231],"tags":[],"class_list":{"0":"post-247725","1":"post","2":"type-post","3":"status-publish","4":"format-standard","5":"has-post-thumbnail","7":"category-aktualitet","8":"category-kryesore","9":"category-lajme"},"_links":{"self":[{"href":"https:\/\/zjarr.tv\/en\/wp-json\/wp\/v2\/posts\/247725","targetHints":{"allow":["GET"]}}],"collection":[{"href":"https:\/\/zjarr.tv\/en\/wp-json\/wp\/v2\/posts"}],"about":[{"href":"https:\/\/zjarr.tv\/en\/wp-json\/wp\/v2\/types\/post"}],"author":[{"embeddable":true,"href":"https:\/\/zjarr.tv\/en\/wp-json\/wp\/v2\/users\/2020"}],"replies":[{"embeddable":true,"href":"https:\/\/zjarr.tv\/en\/wp-json\/wp\/v2\/comments?post=247725"}],"version-history":[{"count":0,"href":"https:\/\/zjarr.tv\/en\/wp-json\/wp\/v2\/posts\/247725\/revisions"}],"wp:featuredmedia":[{"embeddable":true,"href":"https:\/\/zjarr.tv\/en\/wp-json\/wp\/v2\/media\/247726"}],"wp:attachment":[{"href":"https:\/\/zjarr.tv\/en\/wp-json\/wp\/v2\/media?parent=247725"}],"wp:term":[{"taxonomy":"category","embeddable":true,"href":"https:\/\/zjarr.tv\/en\/wp-json\/wp\/v2\/categories?post=247725"},{"taxonomy":"post_tag","embeddable":true,"href":"https:\/\/zjarr.tv\/en\/wp-json\/wp\/v2\/tags?post=247725"}],"curies":[{"name":"wp","href":"https:\/\/api.w.org\/{rel}","templated":true}]}}