{"id":247728,"date":"2022-03-30T14:50:22","date_gmt":"2022-03-30T12:50:22","guid":{"rendered":"https:\/\/zjarr.tv\/?p=247728"},"modified":"2022-03-30T14:50:22","modified_gmt":"2022-03-30T12:50:22","slug":"do-te-kete-arrestime-te-tjera-nese-qeveria-paralajmerimi-i-artan-hoxhes-si-ne-rastin-e-tahirit-iken-dhe-3-ministra-te-tjere","status":"publish","type":"post","link":"https:\/\/zjarr.tv\/en\/do-te-kete-arrestime-te-tjera-nese-qeveria-paralajmerimi-i-artan-hoxhes-si-ne-rastin-e-tahirit-iken-dhe-3-ministra-te-tjere\/","title":{"rendered":"\u201cDo t\u00eb ket\u00eb arrestime t\u00eb tjera n\u00ebse qeveria\u2026\u201d, paralajm\u00ebrimi i Artan Hoxh\u00ebs: Si n\u00eb rastin e Tahirit, ik\u00ebn dhe 3 ministra t\u00eb tjer\u00eb"},"content":{"rendered":"<p>Gazetari investigativ, Artan Hoxha ka b\u00ebr\u00eb nj\u00eb paralajm\u00ebrim se n\u00ebse do t\u00eb ket\u00eb ndryshime n\u00eb qeveri, SPAK do t\u00eb shkoj\u00eb m\u00eb tej me arrestimet p\u00ebr \u00e7\u00ebshtjen e incenerator\u00ebve.<\/p>\n<p>I ftuar n\u00eb emisionin \u2018Pikat mbi I\u2019, n\u00eb \u2018Ne\u00ebs24\u2019 Hoxha tha se; \u201cKjo mund t\u00eb jet\u00eb \u00e7\u00ebshtja e nj\u00eb presioni, maskot nga media, por edhe opozita. p\u00ebr k\u00ebt\u00eb \u00e7\u00ebshtje ka pasur prova, kall\u00ebzime. Nisi me Nism\u00ebn Thurrje, me LSI, PD, M\u00eb tro\u00e7 se kaq s\u2019ka m\u00eb. Kaq mund t\u00eb b\u00ebj\u00eb media se nuk arreston dot. Ajo q\u00eb b\u00ebri opozita ishte e drejt\u00eb. Kjo \u00ebsht\u00eb nj\u00eb l\u00ebvizje, kur i ke kapur \u2018torr\u00ebn\u2019 kund\u00ebrshtarit dhe e ke d\u00ebmtuar shum\u00eb. Kjo nuk \u00ebsht\u00eb histori q\u00eb nisi dje apo sot, por nisi q\u00eb n\u00eb mandatin e par\u00eb t\u00eb k\u00ebtij kryeministri q\u00eb \u00ebsht\u00eb n\u00eb mandatin e tret\u00eb. Duket se Rama ka qen\u00eb gjith\u00eb koh\u00ebn aty. Media ka rolin q\u00eb n\u00eb fillim. Nj\u00eb rol q\u00eb duhet tua japim merit\u00ebn, \u00ebsht\u00eb e gazetar\u00ebve t\u00eb BIRN.<\/p>\n<p>Skema q\u00eb \u00ebsht\u00eb ngritur e kam par\u00eb te Becheti. Me at\u00eb skem\u00eb na mundi ne. Kjo \u00e7\u00ebshtje nisi; shkarpat dhe drrut\u00eb i solli media, zjarrin ia vun\u00eb forcat e opozit\u00ebs, SPAK s\u2019ka ku t\u00eb shkoj\u00eb m\u00eb. Pritshm\u00ebria vijon t\u00eb jet\u00eb m\u00eb lar\u00eb. Synohet t\u00eb shkohet m\u00eb lart. Ky \u00ebsht\u00eb hapi i dyt\u00eb, pasi hapi i par\u00eb ishte Elbasani.<\/p>\n<p>\u00c7\u00ebshtja e Fierit \u00ebsht\u00eb tjet\u00ebrsimi i tok\u00ebs-truall. SPAK ka shkuar te bishti. Gjejm\u00eb rastin q\u00eb t\u00eb inkurajojm\u00eb prokurorin\u00eb, q\u00eb mos t\u2019i n\u00ebnshtrohet presionit. E di q\u00eb opozita k\u00ebrkon q\u00eb t\u00eb arrestohet Rama dhe t\u00eb l\u00ebr\u00eb karrigen bosh dhe t\u00eb vij\u00eb tjetri.<\/p>\n<p>Por kjo nuk ndodh k\u00ebshtu. p\u00ebr mua ajo q\u00eb ka b\u00ebr\u00eb SPAK \u00ebsht\u00eb shum\u00eb e mir\u00eb nga \u00e7ka b\u00ebr\u00eb deri sot, por \u00ebsht\u00eb ende shum\u00eb pak. Dua q\u00eb ne mediat, mos t\u00eb b\u00ebjm\u00eb n\u00eb k\u00ebt\u00eb grack\u00ebn; Rama, Ahmetaj, Gjiknuri. Prokuroria duhet t\u00eb gjej\u00eb prova q\u00eb mos t\u00eb p\u00ebrfundoj\u00eb si \u00e7\u00ebshtja Tahiri, ku q\u00eb te Apeli u provua se ka marr\u00eb 145 euro.<\/p>\n<p>Ka dhe ngjarje t\u00eb tjera t\u00eb m\u00ebparshme, por kjo \u00ebsht\u00eb afera m\u00eb e leht\u00eb. Skam par\u00eb nj\u00eb \u00e7\u00ebshtje tjet\u00ebr q\u00eb t\u00eb gjesh kaq shum\u00eb prova. Doli lista e rrogave, dhe aty ishte e dukshme se kush ishte i p\u00ebrfshir\u00eb aty. Prokuroria dhe media, ka m\u00eb shum\u00eb prova se\u00e7 duhet dhe k\u00ebty \u00ebsht\u00eb m\u00eb e v\u00ebshtir\u00eb t\u00eb gjesh se ku \u00ebsht\u00eb shtylla vertebrale. Ka disa indikator\u00eb politika. Po flitet se mund t\u00eb ket\u00eb nj\u00eb ndryshim n\u00eb kabinetin qeveritar.<\/p>\n<p>N\u00ebse do t\u00eb ket\u00eb ndryshim n\u00eb kabinetin qeveritar, nuhatja m\u00eb thot\u00eb; SPAK do shkoj\u00eb dhe m\u00eb tej. N\u00ebse nuk ndryshon ndonj\u00eb nga kabineti, SPAK nuk shkon m\u00eb tej. Rama vepron n\u00eb k\u00ebt\u00eb form\u00eb personi q\u00eb shkon n\u00eb burg, n\u00eb fillim jep dor\u00ebheqje dhe PS distancohet. Kur u dor\u00ebhoq Tahiri, ik\u00ebn dhe 3 ministra t\u00eb tjer\u00eb, p\u00ebr t\u00eb mbuluar pjes\u00ebn e Tahirit\u201d.<\/p>","protected":false},"excerpt":{"rendered":"<p>Gazetari investigativ, Artan Hoxha ka b\u00ebr\u00eb nj\u00eb paralajm\u00ebrim se n\u00ebse do t\u00eb ket\u00eb ndryshime n\u00eb qeveri, SPAK do t\u00eb shkoj\u00eb m\u00eb tej me arrestimet p\u00ebr \u00e7\u00ebshtjen e incenerator\u00ebve. I ftuar n\u00eb emisionin \u2018Pikat mbi I\u2019, n\u00eb \u2018Ne\u00ebs24\u2019 Hoxha tha se; \u201cKjo mund t\u00eb jet\u00eb \u00e7\u00ebshtja e nj\u00eb presioni, maskot nga media, por edhe opozita. p\u00ebr [&hellip;]<\/p>\n","protected":false},"author":2020,"featured_media":154526,"comment_status":"closed","ping_status":"closed","sticky":false,"template":"","format":"standard","meta":{"footnotes":""},"categories":[241,5380,231],"tags":[],"class_list":{"0":"post-247728","1":"post","2":"type-post","3":"status-publish","4":"format-standard","5":"has-post-thumbnail","7":"category-aktualitet","8":"category-kryesore","9":"category-lajme"},"_links":{"self":[{"href":"https:\/\/zjarr.tv\/en\/wp-json\/wp\/v2\/posts\/247728","targetHints":{"allow":["GET"]}}],"collection":[{"href":"https:\/\/zjarr.tv\/en\/wp-json\/wp\/v2\/posts"}],"about":[{"href":"https:\/\/zjarr.tv\/en\/wp-json\/wp\/v2\/types\/post"}],"author":[{"embeddable":true,"href":"https:\/\/zjarr.tv\/en\/wp-json\/wp\/v2\/users\/2020"}],"replies":[{"embeddable":true,"href":"https:\/\/zjarr.tv\/en\/wp-json\/wp\/v2\/comments?post=247728"}],"version-history":[{"count":0,"href":"https:\/\/zjarr.tv\/en\/wp-json\/wp\/v2\/posts\/247728\/revisions"}],"wp:featuredmedia":[{"embeddable":true,"href":"https:\/\/zjarr.tv\/en\/wp-json\/wp\/v2\/media\/154526"}],"wp:attachment":[{"href":"https:\/\/zjarr.tv\/en\/wp-json\/wp\/v2\/media?parent=247728"}],"wp:term":[{"taxonomy":"category","embeddable":true,"href":"https:\/\/zjarr.tv\/en\/wp-json\/wp\/v2\/categories?post=247728"},{"taxonomy":"post_tag","embeddable":true,"href":"https:\/\/zjarr.tv\/en\/wp-json\/wp\/v2\/tags?post=247728"}],"curies":[{"name":"wp","href":"https:\/\/api.w.org\/{rel}","templated":true}]}}