{"id":247734,"date":"2022-03-30T14:55:23","date_gmt":"2022-03-30T12:55:23","guid":{"rendered":"https:\/\/zjarr.tv\/?p=247734"},"modified":"2022-03-30T14:55:23","modified_gmt":"2022-03-30T12:55:23","slug":"a-do-te-bashkepunojne-me-sali-berishen-per-reformat-partia-socialiste-zbulon-vendimin-e-saj","status":"publish","type":"post","link":"https:\/\/zjarr.tv\/en\/a-do-te-bashkepunojne-me-sali-berishen-per-reformat-partia-socialiste-zbulon-vendimin-e-saj\/","title":{"rendered":"A do t\u00eb bashk\u00ebpunojn\u00eb me Sali Berish\u00ebn p\u00ebr reformat? Partia Socialiste zbulon vendimin e saj"},"content":{"rendered":"<p>Deputeti i PS-s\u00eb, Arben P\u00ebllumbi ka komentuar sot zhvillimet m\u00eb t\u00eb fundit n\u00eb vend politike n\u00eb vend.<\/p>\n<p>I pyetur n\u00ebse PS do t\u00eb ulet n\u00eb tryez\u00eb me Berish\u00ebn p\u00ebr reformat, P\u00ebllumbi tha:<\/p>\n<p>\u201cNuk e zgjedhim kund\u00ebrshtarin, b\u00ebjm\u00eb marr\u00ebveshje me at\u00eb kund\u00ebrshtar q\u00eb na vihet p\u00ebrball\u00eb\u201d.-tha ai.<\/p>","protected":false},"excerpt":{"rendered":"<p>Deputeti i PS-s\u00eb, Arben P\u00ebllumbi ka komentuar sot zhvillimet m\u00eb t\u00eb fundit n\u00eb vend politike n\u00eb vend. I pyetur n\u00ebse PS do t\u00eb ulet n\u00eb tryez\u00eb me Berish\u00ebn p\u00ebr reformat, P\u00ebllumbi tha: \u201cNuk e zgjedhim kund\u00ebrshtarin, b\u00ebjm\u00eb marr\u00ebveshje me at\u00eb kund\u00ebrshtar q\u00eb na vihet p\u00ebrball\u00eb\u201d.-tha ai.<\/p>","protected":false},"author":2030,"featured_media":247735,"comment_status":"closed","ping_status":"closed","sticky":false,"template":"","format":"standard","meta":{"footnotes":""},"categories":[241,3366,5380,231,1454],"tags":[],"class_list":{"0":"post-247734","1":"post","2":"type-post","3":"status-publish","4":"format-standard","5":"has-post-thumbnail","7":"category-aktualitet","8":"category-koment","9":"category-kryesore","10":"category-lajme","11":"category-politike"},"_links":{"self":[{"href":"https:\/\/zjarr.tv\/en\/wp-json\/wp\/v2\/posts\/247734","targetHints":{"allow":["GET"]}}],"collection":[{"href":"https:\/\/zjarr.tv\/en\/wp-json\/wp\/v2\/posts"}],"about":[{"href":"https:\/\/zjarr.tv\/en\/wp-json\/wp\/v2\/types\/post"}],"author":[{"embeddable":true,"href":"https:\/\/zjarr.tv\/en\/wp-json\/wp\/v2\/users\/2030"}],"replies":[{"embeddable":true,"href":"https:\/\/zjarr.tv\/en\/wp-json\/wp\/v2\/comments?post=247734"}],"version-history":[{"count":0,"href":"https:\/\/zjarr.tv\/en\/wp-json\/wp\/v2\/posts\/247734\/revisions"}],"wp:featuredmedia":[{"embeddable":true,"href":"https:\/\/zjarr.tv\/en\/wp-json\/wp\/v2\/media\/247735"}],"wp:attachment":[{"href":"https:\/\/zjarr.tv\/en\/wp-json\/wp\/v2\/media?parent=247734"}],"wp:term":[{"taxonomy":"category","embeddable":true,"href":"https:\/\/zjarr.tv\/en\/wp-json\/wp\/v2\/categories?post=247734"},{"taxonomy":"post_tag","embeddable":true,"href":"https:\/\/zjarr.tv\/en\/wp-json\/wp\/v2\/tags?post=247734"}],"curies":[{"name":"wp","href":"https:\/\/api.w.org\/{rel}","templated":true}]}}