{"id":247738,"date":"2022-03-30T14:58:22","date_gmt":"2022-03-30T12:58:22","guid":{"rendered":"https:\/\/zjarr.tv\/?p=247738"},"modified":"2022-03-30T14:58:22","modified_gmt":"2022-03-30T12:58:22","slug":"godina-e-pd-ne-rikonstruksion-rivendoset-logoja-e-vjeter-e-partise-lyhet-fasada-e-jashtme-kurse-brenda","status":"publish","type":"post","link":"https:\/\/zjarr.tv\/en\/godina-e-pd-ne-rikonstruksion-rivendoset-logoja-e-vjeter-e-partise-lyhet-fasada-e-jashtme-kurse-brenda\/","title":{"rendered":"Godina e PD n\u00eb \u2018rikonstruksion\u2019, rivendoset logoja e vjet\u00ebr e partis\u00eb. Lyhet fasada e jashtme, kurse brenda\u2026"},"content":{"rendered":"<p>N\u00eb ambientet e godin\u00ebs s\u00eb Partis\u00eb Demokratike po punohet prej disa dit\u00ebsh p\u00ebr t\u00eb hequr \u201cgjurm\u00ebt\u201d e l\u00ebna nga Lulzim Basha, pas dor\u00ebheqjes s\u00eb tij.<\/p>\n<p>Komisioni i Rithemelimit i PD, me marrjen nga gjykata t\u00eb s\u00eb drejt\u00ebs si organi q\u00eb tashm\u00eb drejton partin\u00eb, ka nisur me kthimin e godin\u00ebs \u2018n\u00eb identitet\u2019, dhe logos s\u00eb vjet\u00ebr q\u00eb kan\u00eb pasur demokrat\u00ebt.<\/p>\n<p>K\u00ebt\u00eb t\u00eb m\u00ebrkur\u00eb, si\u00e7 e shikoni n\u00eb pamjet e siguruara nga Panorama, po punohet p\u00ebr t\u00eb lyer fasad\u00ebn e jashtme t\u00eb godin\u00ebs si dhe me vendosjen e logos s\u00eb m\u00ebparshme t\u00eb PD.<\/p>\n<p>Po ashtu, punime jan\u00eb duke u kryer dhe n\u00eb ambientet e brendshme t\u00eb godin\u00ebs, ku si\u00e7 duket nga pamjet, po vendosen postera t\u00eb momenteve ky\u00e7e t\u00eb arritura gjat\u00eb koh\u00ebs s\u00eb qeverisjes s\u00eb PD, si l\u00ebvizja e lir\u00eb pa viza n\u00eb Europ\u00eb e shqiptar\u00ebve, n\u00eb vitin 2010.<\/p>\n<p>Nd\u00ebrkoh\u00eb q\u00eb pak dit\u00eb m\u00eb par\u00eb, u hodh\u00ebn n\u00eb tok\u00eb dhe dyert e blinduara t\u00eb vendosura nga Lulzim Basha n\u00eb PD para protest\u00ebs s\u00eb 8 janarit.<\/p>\n<p>Grupi i Rithemelimit, mb\u00ebshtet\u00ebs t\u00eb Sali Berish\u00ebs kan\u00eb deklaruar se ata do t\u00eb b\u00ebjn\u00eb gjithcka p\u00ebr t\u00eb hapur partin\u00eb dhe p\u00ebr ta bashkuar deri n\u00eb fitore kund\u00ebr pushtetit t\u00eb Ram\u00ebs.<\/p>","protected":false},"excerpt":{"rendered":"<p>N\u00eb ambientet e godin\u00ebs s\u00eb Partis\u00eb Demokratike po punohet prej disa dit\u00ebsh p\u00ebr t\u00eb hequr \u201cgjurm\u00ebt\u201d e l\u00ebna nga Lulzim Basha, pas dor\u00ebheqjes s\u00eb tij. Komisioni i Rithemelimit i PD, me marrjen nga gjykata t\u00eb s\u00eb drejt\u00ebs si organi q\u00eb tashm\u00eb drejton partin\u00eb, ka nisur me kthimin e godin\u00ebs \u2018n\u00eb identitet\u2019, dhe logos s\u00eb vjet\u00ebr [&hellip;]<\/p>\n","protected":false},"author":2030,"featured_media":247739,"comment_status":"closed","ping_status":"closed","sticky":false,"template":"","format":"standard","meta":{"footnotes":""},"categories":[241,5380,231,1454],"tags":[],"class_list":{"0":"post-247738","1":"post","2":"type-post","3":"status-publish","4":"format-standard","5":"has-post-thumbnail","7":"category-aktualitet","8":"category-kryesore","9":"category-lajme","10":"category-politike"},"_links":{"self":[{"href":"https:\/\/zjarr.tv\/en\/wp-json\/wp\/v2\/posts\/247738","targetHints":{"allow":["GET"]}}],"collection":[{"href":"https:\/\/zjarr.tv\/en\/wp-json\/wp\/v2\/posts"}],"about":[{"href":"https:\/\/zjarr.tv\/en\/wp-json\/wp\/v2\/types\/post"}],"author":[{"embeddable":true,"href":"https:\/\/zjarr.tv\/en\/wp-json\/wp\/v2\/users\/2030"}],"replies":[{"embeddable":true,"href":"https:\/\/zjarr.tv\/en\/wp-json\/wp\/v2\/comments?post=247738"}],"version-history":[{"count":0,"href":"https:\/\/zjarr.tv\/en\/wp-json\/wp\/v2\/posts\/247738\/revisions"}],"wp:featuredmedia":[{"embeddable":true,"href":"https:\/\/zjarr.tv\/en\/wp-json\/wp\/v2\/media\/247739"}],"wp:attachment":[{"href":"https:\/\/zjarr.tv\/en\/wp-json\/wp\/v2\/media?parent=247738"}],"wp:term":[{"taxonomy":"category","embeddable":true,"href":"https:\/\/zjarr.tv\/en\/wp-json\/wp\/v2\/categories?post=247738"},{"taxonomy":"post_tag","embeddable":true,"href":"https:\/\/zjarr.tv\/en\/wp-json\/wp\/v2\/tags?post=247738"}],"curies":[{"name":"wp","href":"https:\/\/api.w.org\/{rel}","templated":true}]}}