{"id":247751,"date":"2022-03-30T15:19:19","date_gmt":"2022-03-30T13:19:19","guid":{"rendered":"https:\/\/zjarr.tv\/?p=247751"},"modified":"2022-03-30T15:19:19","modified_gmt":"2022-03-30T13:19:19","slug":"pezullohen-lundrimet-durres-bari-anulohen-udhetimet","status":"publish","type":"post","link":"https:\/\/zjarr.tv\/en\/pezullohen-lundrimet-durres-bari-anulohen-udhetimet\/","title":{"rendered":"Pezullohen lundrimet Durr\u00ebs-Bari\/ Anulohen udh\u00ebtimet"},"content":{"rendered":"<p>Autoriteti Portual Durr\u00ebs, njofton pezullimin e p\u00ebrkohsh\u00ebm t\u00eb lundrimeve nga Durr\u00ebsi drejt Barit, sot dhe nes\u00ebr (dt. 30. 03. 2022-31. 03. 2022), si pasoj\u00eb e motit t\u00eb keq q\u00eb pritet t\u00eb p\u00ebrfshij\u00eb rajonin e Adriatikut.<\/p>\n<p>\u201cPas marrjes s\u00eb njoftimit nga Drejtoria e P\u00ebrgjithshme Detare mbi p\u00ebrkeq\u00ebsimin e motit jemi n\u00eb komunikim t\u00eb vazhduesh\u00ebm me Kompanit\u00eb e trageteve, p\u00ebr njoftimin n\u00eb koh\u00eb t\u00eb udh\u00ebtar\u00ebve q\u00eb kan\u00eb rezervuar udh\u00ebtimin e tyre p\u00ebr dt. 30.03.2022-31.03.2022\u201d, thuhet n\u00eb njoftimin e APD-s\u00eb.<\/p>\n<p>Kapiteneria e Portit t\u00eb Durr\u00ebsit sqaron se si rezultat i erave t\u00eb forta me drejtim Jug-Jugper\u00ebndim dhe Jug-Juglindje n\u00eb dat\u00ebn 30 mars 2022 deri m\u00eb dat\u00ebn 1 prill 2022 moti n\u00eb gjith\u00eb bregdetin shqiptar do t\u00eb jet\u00eb i paq\u00ebndrush\u00ebm.<\/p>\n<p>Shpejt\u00ebsia e er\u00ebs do t\u00eb shkoj\u00eb deri n\u00eb 20m\/s , lart\u00ebsia e dallg\u00ebs s\u00eb detit arrin n\u00eb 2.50 deri 4.00 dhe forca e detit shkon 5-6 deri 7-8 ball\u00eb, duke u b\u00ebr\u00eb penges\u00eb p\u00ebr lundrimin e trageteve .<\/p>\n<p>Kushtet e motit p\u00ebrmir\u00ebsohen n\u00eb dat\u00ebn 1 prill 2022, pas or\u00ebs 22:00.<\/p>","protected":false},"excerpt":{"rendered":"<p>Autoriteti Portual Durr\u00ebs, njofton pezullimin e p\u00ebrkohsh\u00ebm t\u00eb lundrimeve nga Durr\u00ebsi drejt Barit, sot dhe nes\u00ebr (dt. 30. 03. 2022-31. 03. 2022), si pasoj\u00eb e motit t\u00eb keq q\u00eb pritet t\u00eb p\u00ebrfshij\u00eb rajonin e Adriatikut. \u201cPas marrjes s\u00eb njoftimit nga Drejtoria e P\u00ebrgjithshme Detare mbi p\u00ebrkeq\u00ebsimin e motit jemi n\u00eb komunikim t\u00eb vazhduesh\u00ebm me Kompanit\u00eb [&hellip;]<\/p>\n","protected":false},"author":2030,"featured_media":247752,"comment_status":"closed","ping_status":"closed","sticky":false,"template":"","format":"standard","meta":{"footnotes":""},"categories":[241,231],"tags":[],"class_list":{"0":"post-247751","1":"post","2":"type-post","3":"status-publish","4":"format-standard","5":"has-post-thumbnail","7":"category-aktualitet","8":"category-lajme"},"_links":{"self":[{"href":"https:\/\/zjarr.tv\/en\/wp-json\/wp\/v2\/posts\/247751","targetHints":{"allow":["GET"]}}],"collection":[{"href":"https:\/\/zjarr.tv\/en\/wp-json\/wp\/v2\/posts"}],"about":[{"href":"https:\/\/zjarr.tv\/en\/wp-json\/wp\/v2\/types\/post"}],"author":[{"embeddable":true,"href":"https:\/\/zjarr.tv\/en\/wp-json\/wp\/v2\/users\/2030"}],"replies":[{"embeddable":true,"href":"https:\/\/zjarr.tv\/en\/wp-json\/wp\/v2\/comments?post=247751"}],"version-history":[{"count":0,"href":"https:\/\/zjarr.tv\/en\/wp-json\/wp\/v2\/posts\/247751\/revisions"}],"wp:featuredmedia":[{"embeddable":true,"href":"https:\/\/zjarr.tv\/en\/wp-json\/wp\/v2\/media\/247752"}],"wp:attachment":[{"href":"https:\/\/zjarr.tv\/en\/wp-json\/wp\/v2\/media?parent=247751"}],"wp:term":[{"taxonomy":"category","embeddable":true,"href":"https:\/\/zjarr.tv\/en\/wp-json\/wp\/v2\/categories?post=247751"},{"taxonomy":"post_tag","embeddable":true,"href":"https:\/\/zjarr.tv\/en\/wp-json\/wp\/v2\/tags?post=247751"}],"curies":[{"name":"wp","href":"https:\/\/api.w.org\/{rel}","templated":true}]}}