{"id":247755,"date":"2022-03-30T15:20:37","date_gmt":"2022-03-30T13:20:37","guid":{"rendered":"https:\/\/zjarr.tv\/?p=247755"},"modified":"2022-03-30T15:20:37","modified_gmt":"2022-03-30T13:20:37","slug":"thirrja-e-forte-arben-kraja-dorehiqu-proteste-para-spak","status":"publish","type":"post","link":"https:\/\/zjarr.tv\/en\/thirrja-e-forte-arben-kraja-dorehiqu-proteste-para-spak\/","title":{"rendered":"Thirrja e fort\u00eb: Arben Kraja dor\u00ebhiqu\/ Protest\u00eb para SPAK"},"content":{"rendered":"<p>Ka nisur protesta e shoq\u00ebris\u00eb civile para SPAK. Avokati Goxhaj \u00ebsht\u00eb shprehur se nd\u00ebrsa SPAK \u00ebsht\u00eb krijuar p\u00ebr t\u00eb ndalur krimin \u00ebsht\u00eb kthyer n\u00eb mburoj\u00eb t\u00eb tij.<\/p>\n<p>Nd\u00ebr t\u00eb tjera Goxhaj tha se i pari q\u00eb duhet t\u00eb dor\u00ebhiqet \u00ebsht\u00eb Arben Kraja, kreu i SPAK.<\/p>\n<p>\u201cSPAK \u00ebsht\u00eb kthyer n\u00eb mburoj\u00ebn e krimit. SPAK \u00ebsht\u00eb krijuar me iden\u00eb se do ta ndaloj\u00eb e krimin. SPAK \u00ebsht\u00eb arma m\u00eb e fort\u00eb e krimit n\u00eb Shqip\u00ebri. Kemi incenerator\u00ebt q\u00eb vazhdojn\u00eb t\u00eb marrin parat\u00eb tona. I pari q\u00eb duhet t\u00eb dor\u00ebhiqet \u00ebsht\u00eb Arben Kraja\u201d, tha Goxhaj.<\/p>","protected":false},"excerpt":{"rendered":"<p>Ka nisur protesta e shoq\u00ebris\u00eb civile para SPAK. Avokati Goxhaj \u00ebsht\u00eb shprehur se nd\u00ebrsa SPAK \u00ebsht\u00eb krijuar p\u00ebr t\u00eb ndalur krimin \u00ebsht\u00eb kthyer n\u00eb mburoj\u00eb t\u00eb tij. Nd\u00ebr t\u00eb tjera Goxhaj tha se i pari q\u00eb duhet t\u00eb dor\u00ebhiqet \u00ebsht\u00eb Arben Kraja, kreu i SPAK. \u201cSPAK \u00ebsht\u00eb kthyer n\u00eb mburoj\u00ebn e krimit. SPAK \u00ebsht\u00eb krijuar [&hellip;]<\/p>\n","protected":false},"author":2030,"featured_media":247756,"comment_status":"closed","ping_status":"closed","sticky":false,"template":"","format":"standard","meta":{"footnotes":""},"categories":[241,3366,5380,231],"tags":[],"class_list":{"0":"post-247755","1":"post","2":"type-post","3":"status-publish","4":"format-standard","5":"has-post-thumbnail","7":"category-aktualitet","8":"category-koment","9":"category-kryesore","10":"category-lajme"},"_links":{"self":[{"href":"https:\/\/zjarr.tv\/en\/wp-json\/wp\/v2\/posts\/247755","targetHints":{"allow":["GET"]}}],"collection":[{"href":"https:\/\/zjarr.tv\/en\/wp-json\/wp\/v2\/posts"}],"about":[{"href":"https:\/\/zjarr.tv\/en\/wp-json\/wp\/v2\/types\/post"}],"author":[{"embeddable":true,"href":"https:\/\/zjarr.tv\/en\/wp-json\/wp\/v2\/users\/2030"}],"replies":[{"embeddable":true,"href":"https:\/\/zjarr.tv\/en\/wp-json\/wp\/v2\/comments?post=247755"}],"version-history":[{"count":0,"href":"https:\/\/zjarr.tv\/en\/wp-json\/wp\/v2\/posts\/247755\/revisions"}],"wp:featuredmedia":[{"embeddable":true,"href":"https:\/\/zjarr.tv\/en\/wp-json\/wp\/v2\/media\/247756"}],"wp:attachment":[{"href":"https:\/\/zjarr.tv\/en\/wp-json\/wp\/v2\/media?parent=247755"}],"wp:term":[{"taxonomy":"category","embeddable":true,"href":"https:\/\/zjarr.tv\/en\/wp-json\/wp\/v2\/categories?post=247755"},{"taxonomy":"post_tag","embeddable":true,"href":"https:\/\/zjarr.tv\/en\/wp-json\/wp\/v2\/tags?post=247755"}],"curies":[{"name":"wp","href":"https:\/\/api.w.org\/{rel}","templated":true}]}}